{"id":23881,"date":"2015-05-25T13:46:27","date_gmt":"2015-05-25T10:46:27","guid":{"rendered":"http:\/\/sana.sy\/es\/?p=23881"},"modified":"2015-05-25T13:46:27","modified_gmt":"2015-05-25T10:46:27","slug":"gobierno-de-venezuela-afirma-su-total-apoyo-a-siria-en-su-guerra-contra-el-terrorismo","status":"publish","type":"post","link":"https:\/\/archive.sana.sy\/es\/?p=23881","title":{"rendered":"Gobierno de Venezuela afirma su total apoyo a Siria en su guerra contra el terrorismo"},"content":{"rendered":"<p><span style=\"color: #ff0000\">Caracas, SANA<\/span><\/p>\n<p>El gobierno venezolano afirm\u00f3 su solidaridad con Siria en su guerra contra el terrorismo, expresando su apoyo al legal presidente de Siria el Dr. Bashar Al Assad y a la relaci\u00f3n de hermandad que sostiene la revoluci\u00f3n bolivariana con Siria.<\/p>\n<p>La canciller\u00eda venezolana emiti\u00f3 una declaraci\u00f3n en la que conden\u00f3 el terrorismo en todos sus aspectos y formas llamando para respetar la vida y la tolerancia y parar los actos criminales cometidos por los extremistas.<\/p>\n<p>La declaraci\u00f3n se\u00f1al\u00f3 que estos actos criminales no s\u00f3lo amenazan la unidad y la vida humana sino que forman una violaci\u00f3n a la ley internacional, pidiendo respetar los principios de los acuerdos de Viena para las relaciones diplom\u00e1ticas.<\/p>\n<p>Por otro lado la declaraci\u00f3n conden\u00f3 tambi\u00e9n el atentado terrorista contra la embajada rusa en Siria con dos morteros dejando da\u00f1os materiales en el lugar sin da\u00f1os humanos, donde el gobierno venezolano afirm\u00f3 su apoyo al estado de Rusia llamando a la comunidad internacional a condenar estos ataques terroristas.<\/p>\n<p><span style=\"color: #00ccff\">Hala B., Hala B.<\/span><\/p>\n","protected":false},"excerpt":{"rendered":"<p>Caracas, SANA El gobierno venezolano afirm\u00f3 su solidaridad con Siria en su guerra contra el terrorismo, expresando su apoyo al legal presidente de Siria el Dr. Bashar Al Assad y a la relaci\u00f3n de hermandad que sostiene la revoluci\u00f3n bolivariana con Siria. La canciller\u00eda venezolana emiti\u00f3 una declaraci\u00f3n en la que conden\u00f3 el terrorismo en &hellip;<\/p>\n","protected":false},"author":1,"featured_media":23882,"comment_status":"closed","ping_status":"closed","sticky":false,"template":"","format":"standard","meta":{"footnotes":""},"categories":[456,576],"tags":[5390],"class_list":["post-23881","post","type-post","status-publish","format-standard","has-post-thumbnail","","category-arabe-internacional-politica","category-noticias-politicas","tag-gobierno-de-venezuela-afirma-su-total-apoyo-a-siria-en-su-guerra-contra-el-terrorismo"],"_links":{"self":[{"href":"https:\/\/archive.sana.sy\/es\/index.php?rest_route=\/wp\/v2\/posts\/23881"}],"collection":[{"href":"https:\/\/archive.sana.sy\/es\/index.php?rest_route=\/wp\/v2\/posts"}],"about":[{"href":"https:\/\/archive.sana.sy\/es\/index.php?rest_route=\/wp\/v2\/types\/post"}],"author":[{"embeddable":true,"href":"https:\/\/archive.sana.sy\/es\/index.php?rest_route=\/wp\/v2\/users\/1"}],"replies":[{"embeddable":true,"href":"https:\/\/archive.sana.sy\/es\/index.php?rest_route=%2Fwp%2Fv2%2Fcomments&post=23881"}],"version-history":[{"count":0,"href":"https:\/\/archive.sana.sy\/es\/index.php?rest_route=\/wp\/v2\/posts\/23881\/revisions"}],"wp:featuredmedia":[{"embeddable":true,"href":"https:\/\/archive.sana.sy\/es\/index.php?rest_route=\/wp\/v2\/media\/23882"}],"wp:attachment":[{"href":"https:\/\/archive.sana.sy\/es\/index.php?rest_route=%2Fwp%2Fv2%2Fmedia&parent=23881"}],"wp:term":[{"taxonomy":"category","embeddable":true,"href":"https:\/\/archive.sana.sy\/es\/index.php?rest_route=%2Fwp%2Fv2%2Fcategories&post=23881"},{"taxonomy":"post_tag","embeddable":true,"href":"https:\/\/archive.sana.sy\/es\/index.php?rest_route=%2Fwp%2Fv2%2Ftags&post=23881"}],"curies":[{"name":"wp","href":"https:\/\/api.w.org\/{rel}","templated":true}]}}