{"id":238861,"date":"2022-06-15T10:32:41","date_gmt":"2022-06-15T07:32:41","guid":{"rendered":"http:\/\/107.6.182.27\/es\/?p=238861"},"modified":"2023-01-10T15:57:25","modified_gmt":"2023-01-10T13:57:25","slug":"la-ix-cumbre-de-las-americas-fue-victoria-para-cuba-y-derrota-para-planes-de-eeuu-afirma-canciller-cubano","status":"publish","type":"post","link":"https:\/\/archive.sana.sy\/es\/?p=238861","title":{"rendered":"La IX Cumbre de las Am\u00e9ricas fue victoria para Cuba y derrota para planes de EEUU, afirma canciller cubano"},"content":{"rendered":"<blockquote>\n<p style=\"text-align: justify;\"><span style=\"color: #ff0000;\"><strong>\u00a0Rodr\u00edguez llam\u00f3 a dialogar en pie de igualdad con respeto a la soberan\u00eda de todos los pa\u00edses y dijo que &#8220;la reuni\u00f3n de Los \u00c1ngeles es una evidencia del aislamiento de Washington y un reflejo de su mala reputaci\u00f3n&#8221;<\/strong><\/span><\/p>\n<\/blockquote>\n<p style=\"text-align: justify;\"><span style=\"color: #800000;\"><strong>La Habana, 15 jun (SANA)<\/strong><\/span>\u00a0 El ministro cubano de Relaciones Exteriores, Bruno Rodr\u00edguez, consider\u00f3 que la IX Cumbre de las Am\u00e9ricas, celebrada recientemente en Los \u00c1ngeles, constituy\u00f3 una victoria para Cuba y los pueblos de la regi\u00f3n, y una derrota para los planes de Estados Unidos.<\/p>\n<p style=\"text-align: justify;\">En una entrevista con la televisi\u00f3n cubana transmitida la v\u00edspera, Rodr\u00edguez reiter\u00f3 el rechazo de su pa\u00eds a la decisi\u00f3n de Estados Unidos de excluir a Cuba, Nicaragua y Venezuela de la cumbre.<\/p>\n<p style=\"text-align: justify;\">&#8220;Washington no tiene razones l\u00f3gicas para excluir a estos pa\u00edses, sino que explota su condici\u00f3n de pa\u00eds anfitri\u00f3n para hacerlo&#8221;, subray\u00f3.<\/p>\n<p style=\"text-align: justify;\">Seg\u00fan el jefe de la diplomacia cubana, a pesar de la exclusi\u00f3n de su pa\u00eds y de Venezuela y Nicaragua, las voces de estos pa\u00edses fueron escuchadas mediante los pa\u00edses que participaron en la cumbre y trasladaron la voz de Cuba y exigieron el fin del injusto bloqueo estadounidense contra la isla.<\/p>\n<p style=\"text-align: justify;\">Rodr\u00edguez llam\u00f3 a dialogar en pie de igualdad con respeto a la soberan\u00eda de todos los pa\u00edses y dijo que &#8220;la reuni\u00f3n de Los \u00c1ngeles es una evidencia del aislamiento de Washington y un reflejo de su mala reputaci\u00f3n&#8221;.<\/p>\n<p style=\"text-align: justify;\">La IX Cumbre de las Am\u00e9ricas se celebr\u00f3 del 6 al 10 de este mes en Los \u00c1ngeles, ante la exclusi\u00f3n de Cuba, Venezuela y Nicaragua, lo que fue condenado por estos pa\u00edses y otros pa\u00edses participantes y calificado como un acto \u201cinjustificado, arbitrario\u201d y una posici\u00f3n antidemocr\u00e1tica.<\/p>\n<p style=\"text-align: justify;\">fm\/ws<\/p>\n","protected":false},"excerpt":{"rendered":"<p>\u00a0Rodr\u00edguez llam\u00f3 a dialogar en pie de igualdad con respeto a la soberan\u00eda de todos los pa\u00edses y dijo que &#8220;la reuni\u00f3n de Los \u00c1ngeles es una evidencia del aislamiento de Washington y un reflejo de su mala reputaci\u00f3n&#8221; La Habana, 15 jun (SANA)\u00a0 El ministro cubano de Relaciones Exteriores, Bruno Rodr\u00edguez, consider\u00f3 que la &hellip;<\/p>\n","protected":false},"author":35,"featured_media":238862,"comment_status":"closed","ping_status":"closed","sticky":false,"template":"","format":"standard","meta":{"footnotes":""},"categories":[597,456,7541],"tags":[],"class_list":["post-238861","post","type-post","status-publish","format-standard","has-post-thumbnail","","category-cinta-de-noticias","category-arabe-internacional-politica","category-ultimas-noticias"],"_links":{"self":[{"href":"https:\/\/archive.sana.sy\/es\/index.php?rest_route=\/wp\/v2\/posts\/238861"}],"collection":[{"href":"https:\/\/archive.sana.sy\/es\/index.php?rest_route=\/wp\/v2\/posts"}],"about":[{"href":"https:\/\/archive.sana.sy\/es\/index.php?rest_route=\/wp\/v2\/types\/post"}],"author":[{"embeddable":true,"href":"https:\/\/archive.sana.sy\/es\/index.php?rest_route=\/wp\/v2\/users\/35"}],"replies":[{"embeddable":true,"href":"https:\/\/archive.sana.sy\/es\/index.php?rest_route=%2Fwp%2Fv2%2Fcomments&post=238861"}],"version-history":[{"count":0,"href":"https:\/\/archive.sana.sy\/es\/index.php?rest_route=\/wp\/v2\/posts\/238861\/revisions"}],"wp:featuredmedia":[{"embeddable":true,"href":"https:\/\/archive.sana.sy\/es\/index.php?rest_route=\/wp\/v2\/media\/238862"}],"wp:attachment":[{"href":"https:\/\/archive.sana.sy\/es\/index.php?rest_route=%2Fwp%2Fv2%2Fmedia&parent=238861"}],"wp:term":[{"taxonomy":"category","embeddable":true,"href":"https:\/\/archive.sana.sy\/es\/index.php?rest_route=%2Fwp%2Fv2%2Fcategories&post=238861"},{"taxonomy":"post_tag","embeddable":true,"href":"https:\/\/archive.sana.sy\/es\/index.php?rest_route=%2Fwp%2Fv2%2Ftags&post=238861"}],"curies":[{"name":"wp","href":"https:\/\/api.w.org\/{rel}","templated":true}]}}