{"id":238871,"date":"2022-06-15T11:45:04","date_gmt":"2022-06-15T08:45:04","guid":{"rendered":"http:\/\/107.6.182.27\/es\/?p=238871"},"modified":"2022-06-15T11:45:04","modified_gmt":"2022-06-15T08:45:04","slug":"sesiona-4a-reunion-de-seguimiento-de-la-conferencia-internacional-para-el-retorno-de-los-refugiados","status":"publish","type":"post","link":"https:\/\/archive.sana.sy\/es\/?p=238871","title":{"rendered":"Sesiona 4\u00aa reuni\u00f3n de seguimiento de la Conferencia Internacional para el retorno de los refugiados"},"content":{"rendered":"<p style=\"text-align: justify;\"><strong><span style=\"color: #800000;\">Damasco, <\/span><span style=\"color: #800000;\">\u00a015 jun (SANA)<\/span><\/strong>\u00a0 \u00a0La cuarta reuni\u00f3n sirio-rusa conjunta para dar seguimiento a la Conferencia Internacional sobre el retorno de refugiados y desplazados sirios contin\u00faa sus sesiones con la participaci\u00f3n de representantes de los ministerios de: Informaci\u00f3n, Electricidad, Asuntos Sociales, Comunicaciones, Recursos H\u00eddricos, Petr\u00f3leo y Recursos Minerales, Educaci\u00f3n, Ense\u00f1anza Superior e Investigaci\u00f3n Cient\u00edfica, Directorio de Meteorolog\u00eda, en paralelo con la distribuci\u00f3n de ayudas &#8220;humanitarias y equipamiento&#8221; rusos en varias provincias.<\/p>\n<p style=\"text-align: justify;\">La agenda de la reuni\u00f3n incluye una sesi\u00f3n conjunta de los Dos \u00d3rganos Intergubernamentales de Coordinaci\u00f3n sirio-rusa con la participaci\u00f3n de representantes de la Organizaci\u00f3n de Naciones Unidas y el Comit\u00e9 Internacional de la Cruz Roja y otras organizaciones humanitarias. El evento se desarrolla en el Palacio Umauiyyin para Conferencias y tendr\u00e1n lugar sesiones entre las partes siria y rusa para la suscripci\u00f3n de convenios en diferentes \u00e1mbitos.<\/p>\n<p style=\"text-align: justify;\">Las labores del primer d\u00eda comprendieron debates sobre comunicolog\u00eda, econom\u00eda, dotaciones religiosas, ense\u00f1anza superior, justicia, orden interno, cultura, comercio\u2026 as\u00ed como fueron firmados acuerdos sobre ense\u00f1anza superior, y se acord\u00f3 la ultimaci\u00f3n de convenios en el campo de informaci\u00f3n y salud que ser\u00e1n suscritos a posteriori.<\/p>\n<p style=\"text-align: justify;\">rsh\/ws<\/p>\n","protected":false},"excerpt":{"rendered":"<p>Damasco, \u00a015 jun (SANA)\u00a0 \u00a0La cuarta reuni\u00f3n sirio-rusa conjunta para dar seguimiento a la Conferencia Internacional sobre el retorno de refugiados y desplazados sirios contin\u00faa sus sesiones con la participaci\u00f3n de representantes de los ministerios de: Informaci\u00f3n, Electricidad, Asuntos Sociales, Comunicaciones, Recursos H\u00eddricos, Petr\u00f3leo y Recursos Minerales, Educaci\u00f3n, Ense\u00f1anza Superior e Investigaci\u00f3n Cient\u00edfica, Directorio de &hellip;<\/p>\n","protected":false},"author":35,"featured_media":238872,"comment_status":"closed","ping_status":"closed","sticky":false,"template":"","format":"standard","meta":{"footnotes":""},"categories":[477,447,597,476,7541],"tags":[],"class_list":["post-238871","post","type-post","status-publish","format-standard","has-post-thumbnail","","category-noticias-edulcorantes","category-local-politica","category-cinta-de-noticias","category-locales","category-ultimas-noticias"],"_links":{"self":[{"href":"https:\/\/archive.sana.sy\/es\/index.php?rest_route=\/wp\/v2\/posts\/238871"}],"collection":[{"href":"https:\/\/archive.sana.sy\/es\/index.php?rest_route=\/wp\/v2\/posts"}],"about":[{"href":"https:\/\/archive.sana.sy\/es\/index.php?rest_route=\/wp\/v2\/types\/post"}],"author":[{"embeddable":true,"href":"https:\/\/archive.sana.sy\/es\/index.php?rest_route=\/wp\/v2\/users\/35"}],"replies":[{"embeddable":true,"href":"https:\/\/archive.sana.sy\/es\/index.php?rest_route=%2Fwp%2Fv2%2Fcomments&post=238871"}],"version-history":[{"count":0,"href":"https:\/\/archive.sana.sy\/es\/index.php?rest_route=\/wp\/v2\/posts\/238871\/revisions"}],"wp:featuredmedia":[{"embeddable":true,"href":"https:\/\/archive.sana.sy\/es\/index.php?rest_route=\/wp\/v2\/media\/238872"}],"wp:attachment":[{"href":"https:\/\/archive.sana.sy\/es\/index.php?rest_route=%2Fwp%2Fv2%2Fmedia&parent=238871"}],"wp:term":[{"taxonomy":"category","embeddable":true,"href":"https:\/\/archive.sana.sy\/es\/index.php?rest_route=%2Fwp%2Fv2%2Fcategories&post=238871"},{"taxonomy":"post_tag","embeddable":true,"href":"https:\/\/archive.sana.sy\/es\/index.php?rest_route=%2Fwp%2Fv2%2Ftags&post=238871"}],"curies":[{"name":"wp","href":"https:\/\/api.w.org\/{rel}","templated":true}]}}