{"id":238874,"date":"2022-06-15T11:59:07","date_gmt":"2022-06-15T08:59:07","guid":{"rendered":"http:\/\/107.6.182.27\/es\/?p=238874"},"modified":"2023-01-10T15:57:25","modified_gmt":"2023-01-10T13:57:25","slug":"parlamentario-europeo-ucrania-es-responsable-por-la-interrupcion-de-los-suministros-de-trigo-a-los-mercados-internacionales","status":"publish","type":"post","link":"https:\/\/archive.sana.sy\/es\/?p=238874","title":{"rendered":"Parlamentario europeo: Ucrania es responsable por la interrupci\u00f3n de los suministros de trigo a los mercados internacionales"},"content":{"rendered":"<p style=\"text-align: justify;\"><strong><span style=\"color: #800000;\">Praga, \u00a015 jun (SANA)<\/span><\/strong>\u00a0 \u00a0 El eurodiputado por la Rep\u00fablica Checa, Ivan David, afirm\u00f3 que los funcionarios europeos utilizan la &#8220;desinformaci\u00f3n&#8221; en su empe\u00f1o por difamar a Rusia ante la comunidad internacional al responsabilizarla por una posible hambruna mundial.<\/p>\n<p style=\"text-align: justify;\">En un art\u00edculo publicado por la web checa &#8220;Vuestra Causa&#8221;, David subray\u00f3 que la llegada de los suministros desde Ucrania ser\u00e1 responsabilidad de las autoridades ucranianas y no Rusia, se\u00f1alando que &#8220;el problema vigente es que dichas autoridades minan los puertos y rutas mar\u00edtimas en el mar Negro.&#8221;<\/p>\n<p style=\"text-align: justify;\">&#8220;Ucrania pide permitir a los barcos europeos traer armas a sus puertos, lo que Rusia no podr\u00e1 aceptar&#8221;, precis\u00f3.<\/p>\n<p style=\"text-align: justify;\">rsh\/ws<\/p>\n","protected":false},"excerpt":{"rendered":"<p>Praga, \u00a015 jun (SANA)\u00a0 \u00a0 El eurodiputado por la Rep\u00fablica Checa, Ivan David, afirm\u00f3 que los funcionarios europeos utilizan la &#8220;desinformaci\u00f3n&#8221; en su empe\u00f1o por difamar a Rusia ante la comunidad internacional al responsabilizarla por una posible hambruna mundial. En un art\u00edculo publicado por la web checa &#8220;Vuestra Causa&#8221;, David subray\u00f3 que la llegada de &hellip;<\/p>\n","protected":false},"author":35,"featured_media":238875,"comment_status":"closed","ping_status":"closed","sticky":false,"template":"","format":"standard","meta":{"footnotes":""},"categories":[597,456,7541],"tags":[],"class_list":["post-238874","post","type-post","status-publish","format-standard","has-post-thumbnail","","category-cinta-de-noticias","category-arabe-internacional-politica","category-ultimas-noticias"],"_links":{"self":[{"href":"https:\/\/archive.sana.sy\/es\/index.php?rest_route=\/wp\/v2\/posts\/238874"}],"collection":[{"href":"https:\/\/archive.sana.sy\/es\/index.php?rest_route=\/wp\/v2\/posts"}],"about":[{"href":"https:\/\/archive.sana.sy\/es\/index.php?rest_route=\/wp\/v2\/types\/post"}],"author":[{"embeddable":true,"href":"https:\/\/archive.sana.sy\/es\/index.php?rest_route=\/wp\/v2\/users\/35"}],"replies":[{"embeddable":true,"href":"https:\/\/archive.sana.sy\/es\/index.php?rest_route=%2Fwp%2Fv2%2Fcomments&post=238874"}],"version-history":[{"count":0,"href":"https:\/\/archive.sana.sy\/es\/index.php?rest_route=\/wp\/v2\/posts\/238874\/revisions"}],"wp:featuredmedia":[{"embeddable":true,"href":"https:\/\/archive.sana.sy\/es\/index.php?rest_route=\/wp\/v2\/media\/238875"}],"wp:attachment":[{"href":"https:\/\/archive.sana.sy\/es\/index.php?rest_route=%2Fwp%2Fv2%2Fmedia&parent=238874"}],"wp:term":[{"taxonomy":"category","embeddable":true,"href":"https:\/\/archive.sana.sy\/es\/index.php?rest_route=%2Fwp%2Fv2%2Fcategories&post=238874"},{"taxonomy":"post_tag","embeddable":true,"href":"https:\/\/archive.sana.sy\/es\/index.php?rest_route=%2Fwp%2Fv2%2Ftags&post=238874"}],"curies":[{"name":"wp","href":"https:\/\/api.w.org\/{rel}","templated":true}]}}