{"id":23908,"date":"2015-05-26T14:04:32","date_gmt":"2015-05-26T11:04:32","guid":{"rendered":"http:\/\/sana.sy\/es\/?p=23908"},"modified":"2015-05-26T14:04:32","modified_gmt":"2015-05-26T11:04:32","slug":"libano-confirma-su-derecho-de-liberar-a-su-territorio-ocupado-por-todos-los-medios-legitimos","status":"publish","type":"post","link":"https:\/\/archive.sana.sy\/es\/?p=23908","title":{"rendered":"L\u00edbano confirma su derecho de liberar a su territorio ocupado por todos los medios leg\u00edtimos \u00a0"},"content":{"rendered":"<div><\/div>\n<div><span lang=\"ES-TRAD\" style=\"color: #ff0000\">Beirut, SANA<\/span><\/div>\n<div><span lang=\"ES-TRAD\">\u00a0<\/span><\/div>\n<div><span lang=\"ES-TRAD\">El ministerio liban\u00e9s de Exteriores y Emigrantes confirm\u00f3 el derecho de L\u00edbano para liberar su territorio ocupado por Israel con todos los &#8220;medios leg\u00edtimos&#8221;.<\/span><\/div>\n<div><span lang=\"ES-TRAD\">\u00a0<\/span><\/div>\n<div><span lang=\"ES-TRAD\">En una declaraci\u00f3n emitida con motivo del D\u00eda de Resistencia y Liberaci\u00f3n, canciller\u00eda libanesa indic\u00f3 que no escatimar\u00e1 esfuerzo ninguno para hacer llegar esta postura nacional libanesa a todas las capitales y a todos los foros internacionales hasta que se ponga fin definitivo a las violaciones israel\u00edes de la soberan\u00eda libanesa y la retirada completa de &#8220;Israel&#8221; del territorio liban\u00e9s.<\/span><\/div>\n<div><span lang=\"ES-TRAD\">\u00a0<\/span><\/div>\n<div><span lang=\"ES-TRAD\">Asimismo, subray\u00f3 la necesidad de proseguir los esfuerzos diplom\u00e1ticos y tomar acciones legales para rendir cuentas a Israel y a los responsables israel\u00edes por sus cr\u00edmenes brutales contra los civiles inocentes en el L\u00edbano y la regi\u00f3n.<\/span><\/div>\n<div><span lang=\"ES-TRAD\">\u00a0<\/span><\/div>\n<div><span lang=\"ES-TRAD\">La declaraci\u00f3n hace alusi\u00f3n a &#8220;los muchos puntos de similitud entre lo que sufre la regi\u00f3n de terrorismo racista israel\u00ed y de terrorismo takfirista&#8221;.<\/span><\/div>\n<div><span lang=\"ES-TRAD\">\u00a0<\/span><\/div>\n<div><span lang=\"ES-TRAD\">Los libaneses han celebrado el 25 de mayo el 15\u00ba aniversario del D\u00eda de Resistencia y Liberaci\u00f3n, fecha de la victoria lograda por la resistencia al expulsar al ocupante israel\u00ed de las tierras del sur del L\u00edbano en 2000.<\/span><\/div>\n<div><\/div>\n<div><span style=\"color: #00ccff\">Fady M., Hala B.<\/span><\/div>\n<div class=\"yj6qo ajU\">\n<div id=\":vm\" class=\"ajR\"><img decoding=\"async\" class=\"ajT\" src=\"https:\/\/ssl.gstatic.com\/ui\/v1\/icons\/mail\/images\/cleardot.gif\" alt=\"\" \/><\/div>\n<\/div>\n","protected":false},"excerpt":{"rendered":"<p>Beirut, SANA \u00a0 El ministerio liban\u00e9s de Exteriores y Emigrantes confirm\u00f3 el derecho de L\u00edbano para liberar su territorio ocupado por Israel con todos los &#8220;medios leg\u00edtimos&#8221;. \u00a0 En una declaraci\u00f3n emitida con motivo del D\u00eda de Resistencia y Liberaci\u00f3n, canciller\u00eda libanesa indic\u00f3 que no escatimar\u00e1 esfuerzo ninguno para hacer llegar esta postura nacional libanesa &hellip;<\/p>\n","protected":false},"author":1,"featured_media":23909,"comment_status":"closed","ping_status":"closed","sticky":false,"template":"","format":"standard","meta":{"footnotes":""},"categories":[456,576],"tags":[5396],"class_list":["post-23908","post","type-post","status-publish","format-standard","has-post-thumbnail","","category-arabe-internacional-politica","category-noticias-politicas","tag-libano-confirma-su-derecho-de-liberar-a-su-territorio-ocupado-por-todos-los-medios-legitimos"],"_links":{"self":[{"href":"https:\/\/archive.sana.sy\/es\/index.php?rest_route=\/wp\/v2\/posts\/23908"}],"collection":[{"href":"https:\/\/archive.sana.sy\/es\/index.php?rest_route=\/wp\/v2\/posts"}],"about":[{"href":"https:\/\/archive.sana.sy\/es\/index.php?rest_route=\/wp\/v2\/types\/post"}],"author":[{"embeddable":true,"href":"https:\/\/archive.sana.sy\/es\/index.php?rest_route=\/wp\/v2\/users\/1"}],"replies":[{"embeddable":true,"href":"https:\/\/archive.sana.sy\/es\/index.php?rest_route=%2Fwp%2Fv2%2Fcomments&post=23908"}],"version-history":[{"count":0,"href":"https:\/\/archive.sana.sy\/es\/index.php?rest_route=\/wp\/v2\/posts\/23908\/revisions"}],"wp:featuredmedia":[{"embeddable":true,"href":"https:\/\/archive.sana.sy\/es\/index.php?rest_route=\/wp\/v2\/media\/23909"}],"wp:attachment":[{"href":"https:\/\/archive.sana.sy\/es\/index.php?rest_route=%2Fwp%2Fv2%2Fmedia&parent=23908"}],"wp:term":[{"taxonomy":"category","embeddable":true,"href":"https:\/\/archive.sana.sy\/es\/index.php?rest_route=%2Fwp%2Fv2%2Fcategories&post=23908"},{"taxonomy":"post_tag","embeddable":true,"href":"https:\/\/archive.sana.sy\/es\/index.php?rest_route=%2Fwp%2Fv2%2Ftags&post=23908"}],"curies":[{"name":"wp","href":"https:\/\/api.w.org\/{rel}","templated":true}]}}