{"id":23923,"date":"2015-05-26T14:20:01","date_gmt":"2015-05-26T11:20:01","guid":{"rendered":"http:\/\/sana.sy\/es\/?p=23923"},"modified":"2015-05-26T14:20:01","modified_gmt":"2015-05-26T11:20:01","slug":"tres-martires-en-nuevo-ataque-terrorista-con-morteros-contra-alepo","status":"publish","type":"post","link":"https:\/\/archive.sana.sy\/es\/?p=23923","title":{"rendered":"Tres m\u00e1rtires en nuevo ataque terrorista con morteros contra Alepo"},"content":{"rendered":"<div><span lang=\"ES-TRAD\" style=\"color: #ff0000\">Alepo, SANA<\/span><\/div>\n<div><span lang=\"ES-TRAD\">\u00a0<\/span><\/div>\n<div><span lang=\"ES-TRAD\">Los barrios residenciales seguros de la ciudad de Alepo han vuelto a ser blancos de ataques terroristas con proyectiles de morteros. \u00a0<\/span><\/div>\n<div><span lang=\"ES-TRAD\">\u00a0<\/span><\/div>\n<div><span lang=\"ES-TRAD\">Este martes, varios cohetes impactaron en los barrios de Manshiah y Abbarah, y en el parque p\u00fablico de la ciudad, dejando varios civiles entre muertos y heridos.<\/span><\/div>\n<div><span lang=\"ES-TRAD\">\u00a0<\/span><\/div>\n<div><span lang=\"ES-TRAD\">Seg\u00fan una fuente en la gobernaci\u00f3n, los ataques causaron la muerte de tres civiles, adem\u00e1s de provocar colosales da\u00f1os materiales en las casas y los coches.<\/span><\/div>\n<div><\/div>\n<div><span style=\"color: #00ccff\">Fady M., Hala B.<\/span><\/div>\n<div class=\"yj6qo ajU\">\n<div id=\":uw\" class=\"ajR\"><img decoding=\"async\" class=\"ajT\" src=\"https:\/\/ssl.gstatic.com\/ui\/v1\/icons\/mail\/images\/cleardot.gif\" alt=\"\" \/><\/div>\n<\/div>\n","protected":false},"excerpt":{"rendered":"<p>Alepo, SANA \u00a0 Los barrios residenciales seguros de la ciudad de Alepo han vuelto a ser blancos de ataques terroristas con proyectiles de morteros. \u00a0 \u00a0 Este martes, varios cohetes impactaron en los barrios de Manshiah y Abbarah, y en el parque p\u00fablico de la ciudad, dejando varios civiles entre muertos y heridos. \u00a0 Seg\u00fan &hellip;<\/p>\n","protected":false},"author":1,"featured_media":20836,"comment_status":"closed","ping_status":"closed","sticky":false,"template":"","format":"standard","meta":{"footnotes":""},"categories":[573],"tags":[5401],"class_list":["post-23923","post","type-post","status-publish","format-standard","has-post-thumbnail","","category-la-realidad-de-los-acontecimientos-en-siria","tag-tres-martires-en-nuevo-ataque-terrorista-con-morteros-contra-alepo"],"_links":{"self":[{"href":"https:\/\/archive.sana.sy\/es\/index.php?rest_route=\/wp\/v2\/posts\/23923"}],"collection":[{"href":"https:\/\/archive.sana.sy\/es\/index.php?rest_route=\/wp\/v2\/posts"}],"about":[{"href":"https:\/\/archive.sana.sy\/es\/index.php?rest_route=\/wp\/v2\/types\/post"}],"author":[{"embeddable":true,"href":"https:\/\/archive.sana.sy\/es\/index.php?rest_route=\/wp\/v2\/users\/1"}],"replies":[{"embeddable":true,"href":"https:\/\/archive.sana.sy\/es\/index.php?rest_route=%2Fwp%2Fv2%2Fcomments&post=23923"}],"version-history":[{"count":0,"href":"https:\/\/archive.sana.sy\/es\/index.php?rest_route=\/wp\/v2\/posts\/23923\/revisions"}],"wp:featuredmedia":[{"embeddable":true,"href":"https:\/\/archive.sana.sy\/es\/index.php?rest_route=\/wp\/v2\/media\/20836"}],"wp:attachment":[{"href":"https:\/\/archive.sana.sy\/es\/index.php?rest_route=%2Fwp%2Fv2%2Fmedia&parent=23923"}],"wp:term":[{"taxonomy":"category","embeddable":true,"href":"https:\/\/archive.sana.sy\/es\/index.php?rest_route=%2Fwp%2Fv2%2Fcategories&post=23923"},{"taxonomy":"post_tag","embeddable":true,"href":"https:\/\/archive.sana.sy\/es\/index.php?rest_route=%2Fwp%2Fv2%2Ftags&post=23923"}],"curies":[{"name":"wp","href":"https:\/\/api.w.org\/{rel}","templated":true}]}}