{"id":23939,"date":"2015-05-26T16:27:47","date_gmt":"2015-05-26T13:27:47","guid":{"rendered":"http:\/\/sana.sy\/es\/?p=23939"},"modified":"2015-05-26T17:29:45","modified_gmt":"2015-05-26T14:29:45","slug":"denuncian-la-continuacion-de-la-detencion-del-luchador-al-maqt","status":"publish","type":"post","link":"https:\/\/archive.sana.sy\/es\/?p=23939","title":{"rendered":"Denuncian la continuaci\u00f3n de la detenci\u00f3n del luchador al-Maqt"},"content":{"rendered":"<p><span style=\"color: #800000\">Damasco, SANA<\/span><\/p>\n<p>El Comit\u00e9 para el Apoyo a los Detenidos Sirios en las C\u00e1rceles del ocupante israel\u00ed denunci\u00f3 en\u00e9rgicamente la continuaci\u00f3n de la detenci\u00f3n del luchador Sedqi al-Maqt, decano de los prisioneros liberados sirios.<\/p>\n<p>En un comunicado, el Comit\u00e9 se\u00f1al\u00f3 que estas pr\u00e1cticas arbitrarias e inhumanas cometidas por las fuerzas del ente sionista contra nuestros compatriotas en el Gol\u00e1n sirio ocupado constituyen una violaci\u00f3n de los derechos humanos, acotando que las mismas no lograr\u00e1n debilitar\u00e1n la firme voluntad y el aferramiento de los golanses a su identidad \u00e1rabe siria.<\/p>\n<p>Asimismo exigi\u00f3 a las organizaciones internacionales y humanitarias de asumir sus responsabilidades y ejerce presi\u00f3n sobre las autoridades sionistas para poner en libertad al luchador al-Maquet y a todos los detenidos de los vecinos del Gol\u00e1n sirio.<\/p>\n<p>Lynn A.<\/p>\n","protected":false},"excerpt":{"rendered":"<p>Damasco, SANA El Comit\u00e9 para el Apoyo a los Detenidos Sirios en las C\u00e1rceles del ocupante israel\u00ed denunci\u00f3 en\u00e9rgicamente la continuaci\u00f3n de la detenci\u00f3n del luchador Sedqi al-Maqt, decano de los prisioneros liberados sirios. En un comunicado, el Comit\u00e9 se\u00f1al\u00f3 que estas pr\u00e1cticas arbitrarias e inhumanas cometidas por las fuerzas del ente sionista contra nuestros &hellip;<\/p>\n","protected":false},"author":24,"featured_media":21143,"comment_status":"closed","ping_status":"closed","sticky":false,"template":"","format":"standard","meta":{"footnotes":""},"categories":[477,476,576],"tags":[5405],"class_list":["post-23939","post","type-post","status-publish","format-standard","has-post-thumbnail","","category-noticias-edulcorantes","category-locales","category-noticias-politicas","tag-denuncian-la-continuacion-de-la-detencion-del-luchador-al-maquet"],"_links":{"self":[{"href":"https:\/\/archive.sana.sy\/es\/index.php?rest_route=\/wp\/v2\/posts\/23939"}],"collection":[{"href":"https:\/\/archive.sana.sy\/es\/index.php?rest_route=\/wp\/v2\/posts"}],"about":[{"href":"https:\/\/archive.sana.sy\/es\/index.php?rest_route=\/wp\/v2\/types\/post"}],"author":[{"embeddable":true,"href":"https:\/\/archive.sana.sy\/es\/index.php?rest_route=\/wp\/v2\/users\/24"}],"replies":[{"embeddable":true,"href":"https:\/\/archive.sana.sy\/es\/index.php?rest_route=%2Fwp%2Fv2%2Fcomments&post=23939"}],"version-history":[{"count":0,"href":"https:\/\/archive.sana.sy\/es\/index.php?rest_route=\/wp\/v2\/posts\/23939\/revisions"}],"wp:featuredmedia":[{"embeddable":true,"href":"https:\/\/archive.sana.sy\/es\/index.php?rest_route=\/wp\/v2\/media\/21143"}],"wp:attachment":[{"href":"https:\/\/archive.sana.sy\/es\/index.php?rest_route=%2Fwp%2Fv2%2Fmedia&parent=23939"}],"wp:term":[{"taxonomy":"category","embeddable":true,"href":"https:\/\/archive.sana.sy\/es\/index.php?rest_route=%2Fwp%2Fv2%2Fcategories&post=23939"},{"taxonomy":"post_tag","embeddable":true,"href":"https:\/\/archive.sana.sy\/es\/index.php?rest_route=%2Fwp%2Fv2%2Ftags&post=23939"}],"curies":[{"name":"wp","href":"https:\/\/api.w.org\/{rel}","templated":true}]}}