{"id":23981,"date":"2015-05-26T22:55:27","date_gmt":"2015-05-26T19:55:27","guid":{"rendered":"http:\/\/sana.sy\/es\/?p=23981"},"modified":"2015-05-26T22:55:27","modified_gmt":"2015-05-26T19:55:27","slug":"arabia-saudi-retira-sus-tropas-lejos-de-la-frontera-yemeni","status":"publish","type":"post","link":"https:\/\/archive.sana.sy\/es\/?p=23981","title":{"rendered":"Arabia Saud\u00ed retira sus tropas lejos de la frontera yemen\u00ed"},"content":{"rendered":"<p><span style=\"color: #800000\">San\u00e1-SANA<\/span><\/p>\n<p style=\"text-align: justify\">Las fuerzas saud\u00edes desplegadas en la frontera con Yemen se han retirado m\u00e1s de 20 kil\u00f3metros debido a la gran defensa por parte del Ej\u00e9rcito y los comit\u00e9s populares yemen\u00edes.<\/p>\n<p style=\"text-align: justify\">El Ej\u00e9rcito de Arabia Saud\u00ed dio \u00f3rdenes a las tropas desplegadas en la frontera con Yemen para retroceder hasta la llegada de nuevos equipamientos y refuerzos, seg\u00fan informaron medios de comunicaci\u00f3n.<\/p>\n<p style=\"text-align: justify\">Tal decisi\u00f3n ha sido tomada tras varias semanas de intensos enfrentamientos en esa zona y despu\u00e9s de que el Ej\u00e9rcito yemen\u00ed, junto a las fuerzas populares, tomara varios puestos y centros militares dentro del territorio saud\u00ed en represalia por la campa\u00f1a a\u00e9rea de Riad y sus aliados.<\/p>\n<p style=\"text-align: justify\">En los \u00faltimos ataques perpetrados m\u00e1s de 10 soldados saud\u00edes han muerto en una emboscada que les tendieron las fuerzas yemen\u00edes en las monta\u00f1as de Tawliq, cerca de la frontera entre ambos pa\u00edses.<\/p>\n<p style=\"text-align: justify\">Adem\u00e1s, durante esa operaci\u00f3n, tres veh\u00edculos militares han sido destruidos. A esa cifra se suma la muerte de otros nueve soldados saud\u00edes que han muerto en un ataque del movimiento popular yemen\u00ed Ansarol\u00e1 a un centro militar cercano a la frontera.<\/p>\n<p>M.Miri<\/p>\n","protected":false},"excerpt":{"rendered":"<p>San\u00e1-SANA Las fuerzas saud\u00edes desplegadas en la frontera con Yemen se han retirado m\u00e1s de 20 kil\u00f3metros debido a la gran defensa por parte del Ej\u00e9rcito y los comit\u00e9s populares yemen\u00edes. El Ej\u00e9rcito de Arabia Saud\u00ed dio \u00f3rdenes a las tropas desplegadas en la frontera con Yemen para retroceder hasta la llegada de nuevos equipamientos &hellip;<\/p>\n","protected":false},"author":1,"featured_media":23982,"comment_status":"closed","ping_status":"closed","sticky":false,"template":"","format":"standard","meta":{"footnotes":""},"categories":[456,457,576],"tags":[5412],"class_list":["post-23981","post","type-post","status-publish","format-standard","has-post-thumbnail","","category-arabe-internacional-politica","category-noticias-arabe-internacional-politica","category-noticias-politicas","tag-arabia-saudi-retira-sus-tropas-lejos-de-la-frontera-yemeni"],"_links":{"self":[{"href":"https:\/\/archive.sana.sy\/es\/index.php?rest_route=\/wp\/v2\/posts\/23981"}],"collection":[{"href":"https:\/\/archive.sana.sy\/es\/index.php?rest_route=\/wp\/v2\/posts"}],"about":[{"href":"https:\/\/archive.sana.sy\/es\/index.php?rest_route=\/wp\/v2\/types\/post"}],"author":[{"embeddable":true,"href":"https:\/\/archive.sana.sy\/es\/index.php?rest_route=\/wp\/v2\/users\/1"}],"replies":[{"embeddable":true,"href":"https:\/\/archive.sana.sy\/es\/index.php?rest_route=%2Fwp%2Fv2%2Fcomments&post=23981"}],"version-history":[{"count":0,"href":"https:\/\/archive.sana.sy\/es\/index.php?rest_route=\/wp\/v2\/posts\/23981\/revisions"}],"wp:featuredmedia":[{"embeddable":true,"href":"https:\/\/archive.sana.sy\/es\/index.php?rest_route=\/wp\/v2\/media\/23982"}],"wp:attachment":[{"href":"https:\/\/archive.sana.sy\/es\/index.php?rest_route=%2Fwp%2Fv2%2Fmedia&parent=23981"}],"wp:term":[{"taxonomy":"category","embeddable":true,"href":"https:\/\/archive.sana.sy\/es\/index.php?rest_route=%2Fwp%2Fv2%2Fcategories&post=23981"},{"taxonomy":"post_tag","embeddable":true,"href":"https:\/\/archive.sana.sy\/es\/index.php?rest_route=%2Fwp%2Fv2%2Ftags&post=23981"}],"curies":[{"name":"wp","href":"https:\/\/api.w.org\/{rel}","templated":true}]}}