{"id":23990,"date":"2015-05-27T21:16:35","date_gmt":"2015-05-27T18:16:35","guid":{"rendered":"http:\/\/sana.sy\/es\/?p=23990"},"modified":"2015-05-28T17:35:54","modified_gmt":"2015-05-28T14:35:54","slug":"ejercito-liquida-a-decenas-de-terroristas-del-ei-en-ataques-aereos-contra-sus-sedes","status":"publish","type":"post","link":"https:\/\/archive.sana.sy\/es\/?p=23990","title":{"rendered":"Ej\u00e9rcito liquida a decenas de terroristas del EI en ataques a\u00e9reos contra sus sedes"},"content":{"rendered":"<p><span style=\"color: #800000\">Provincias, SANA<\/span><\/p>\n<p style=\"text-align: justify\">Unidades del Ej\u00e9rcito y las Fuerzas Armadas han continuado sus operativos militares antiterroristas, en los que bombardearon a sedes de las organizaciones extremistas takfiristas.<\/p>\n<p style=\"text-align: justify\"><span style=\"color: #0000ff\">Sweida<\/span><\/p>\n<p style=\"text-align: justify\">En el campo nordeste de Sweida, una escuadra militar infligi\u00f3 bajas en las filas de los terroristas del Estado Isl\u00e1mico en el poblado de Rajem al-Dawlah.<\/p>\n<p style=\"text-align: justify\"><span style=\"color: #0000ff\">Deraa<\/span><\/p>\n<p style=\"text-align: justify\">La provincia de Deraa en el sur del pa\u00eds ha presenciado intensos operativos del ej\u00e9rcito en los que decenas de terroristas fueron liquidados.<\/p>\n<p style=\"text-align: justify\">Una fuente militar inform\u00f3 que las unidades del Ej\u00e9rcito acabaron con varios armados de la organizaci\u00f3n terrorista del Frente al-Nousra al sur de la prisi\u00f3n de Karak en el barrio de Deraa al-Balad.<\/p>\n<p style=\"text-align: justify\">Otro operativo militar dej\u00f3 a varios terroristas entre muertos y heridos al oeste de la localidad de Ataman, en el campo de la \u00a0provincia de Deraa.<\/p>\n<p style=\"text-align: justify\">Otra fuente militar inform\u00f3 que unidades del ej\u00e9rcito acabaron con 30 integrantes de la organizaci\u00f3n terrorista del &#8220;Frente Al-Nousra&#8221; y les destruyeron varios veh\u00edculos blindados, en un operativo militar cerca del puesto de control de Fakieh.<\/p>\n<p style=\"text-align: justify\">Por otro lado, las organizaciones terroristas en Deraa reconocieron en sus p\u00e1ginas en los sitios de redes sociales, la muerte de varios de sus miembros.<\/p>\n<p style=\"text-align: justify\"><span style=\"color: #0000ff\">Damasco-campo<\/span><\/p>\n<p style=\"text-align: justify\">En Damasco-campo, \u00a0unidades del ej\u00e9rcito eliminaron a terroristas del Frente de al-Nousra, incluyendo un francotirador, en las localidades de Husseiniya y las granjas de Khan al-Shih, al suroeste de Damasco.<\/p>\n<p style=\"text-align: justify\">Asimismo, una unidad castrense junto con las fuerzas de la resistencia libanesa atac\u00f3 dos veh\u00edculos de terroristas en los cerros de Fleita en Qalamun en Damasco-campo, causando su destrucci\u00f3n y la muerte de los terroristas a bordo.<\/p>\n<p style=\"text-align: justify\">Igualmente, \u00a0fueron eliminados terroristas en granjas de la aldea de Deir al-Asafir \u00a0al sur de la zona de al-Gutta orienta. Mientras en la ciudad de Dumma, una unidad del ej\u00e9rcito destruyo \u00a0a zulos de terroristas y arrasaron con varios de ellos cerca de la mezquita al-Bagdadi.<\/p>\n<p style=\"text-align: justify\"><span style=\"color: #0000ff\">Latakia<\/span><\/p>\n<p style=\"text-align: justify\">En el campo norte\u00f1o de Latakia, una fuente militar inform\u00f3\u00a0que las FFAA intensificaron sus operativos contra los refugios de terroristas afiliados al Frente de al-Nousra en el pueblo de al-Eido, la localidad de Kanasba y el monte de al-Noba.<\/p>\n<p style=\"text-align: justify\">En estos operativos, los terroristas sufrieron numerosas bajas y perdieron veh\u00edculos artillados.<\/p>\n<p><span style=\"color: #0000ff\">Homs<\/span><\/p>\n<p>Una fuente oficial inform\u00f3 que las Fuerzas Armadas arrasaron con concentraciones de terroristas en Talbisah y al-Rastan en el campo norte\u00f1o de la provincia.<\/p>\n<p><span style=\"color: #0000ff\">Alepo<\/span><\/p>\n<p>Una fuente oficial se\u00f1al\u00f3 que las FFAA eliminaron a muchos terroristas en la periferia de la academia de la fuerza a\u00e9rea, al-Mashad, Bisha, Saialah, Bni Zaid, al-Malah y en la Escuela de Infanter\u00eda.<\/p>\n<p>&nbsp;<\/p>\n<p>Fady M., Hala B., Lynn A., M.Miri<\/p>\n","protected":false},"excerpt":{"rendered":"<p>Provincias, SANA Unidades del Ej\u00e9rcito y las Fuerzas Armadas han continuado sus operativos militares antiterroristas, en los que bombardearon a sedes de las organizaciones extremistas takfiristas. Sweida En el campo nordeste de Sweida, una escuadra militar infligi\u00f3 bajas en las filas de los terroristas del Estado Isl\u00e1mico en el poblado de Rajem al-Dawlah. Deraa La &hellip;<\/p>\n","protected":false},"author":1,"featured_media":23991,"comment_status":"closed","ping_status":"closed","sticky":false,"template":"","format":"standard","meta":{"footnotes":""},"categories":[573],"tags":[5415],"class_list":["post-23990","post","type-post","status-publish","format-standard","has-post-thumbnail","","category-la-realidad-de-los-acontecimientos-en-siria","tag-ejercito-liquida-a-decenas-de-terroristas-del-ei-en-ataques-aereos-contra-sus-sedes"],"_links":{"self":[{"href":"https:\/\/archive.sana.sy\/es\/index.php?rest_route=\/wp\/v2\/posts\/23990"}],"collection":[{"href":"https:\/\/archive.sana.sy\/es\/index.php?rest_route=\/wp\/v2\/posts"}],"about":[{"href":"https:\/\/archive.sana.sy\/es\/index.php?rest_route=\/wp\/v2\/types\/post"}],"author":[{"embeddable":true,"href":"https:\/\/archive.sana.sy\/es\/index.php?rest_route=\/wp\/v2\/users\/1"}],"replies":[{"embeddable":true,"href":"https:\/\/archive.sana.sy\/es\/index.php?rest_route=%2Fwp%2Fv2%2Fcomments&post=23990"}],"version-history":[{"count":0,"href":"https:\/\/archive.sana.sy\/es\/index.php?rest_route=\/wp\/v2\/posts\/23990\/revisions"}],"wp:featuredmedia":[{"embeddable":true,"href":"https:\/\/archive.sana.sy\/es\/index.php?rest_route=\/wp\/v2\/media\/23991"}],"wp:attachment":[{"href":"https:\/\/archive.sana.sy\/es\/index.php?rest_route=%2Fwp%2Fv2%2Fmedia&parent=23990"}],"wp:term":[{"taxonomy":"category","embeddable":true,"href":"https:\/\/archive.sana.sy\/es\/index.php?rest_route=%2Fwp%2Fv2%2Fcategories&post=23990"},{"taxonomy":"post_tag","embeddable":true,"href":"https:\/\/archive.sana.sy\/es\/index.php?rest_route=%2Fwp%2Fv2%2Ftags&post=23990"}],"curies":[{"name":"wp","href":"https:\/\/api.w.org\/{rel}","templated":true}]}}