{"id":23996,"date":"2015-05-27T12:55:46","date_gmt":"2015-05-27T09:55:46","guid":{"rendered":"http:\/\/sana.sy\/es\/?p=23996"},"modified":"2015-05-27T12:55:46","modified_gmt":"2015-05-27T09:55:46","slug":"ejercito-iraqui-retoman-el-control-de-varias-zonas-en-anbar","status":"publish","type":"post","link":"https:\/\/archive.sana.sy\/es\/?p=23996","title":{"rendered":"Ej\u00e9rcito iraqu\u00ed retoman el control de varias zonas en Anbar"},"content":{"rendered":"<div><span lang=\"ES-TRAD\" style=\"color: #ff0000\">Bagdad, SANA<\/span><\/div>\n<div><span lang=\"ES-TRAD\">\u00a0<\/span><\/div>\n<div><span lang=\"ES-TRAD\">El ministerio de Defensa iraqu\u00ed anunci\u00f3 que las fuerzas iraqu\u00edes recuperaron el control de varias zonas de la provincia de Anbar en el marco de la operaci\u00f3n militar lanzada el martes para liberar a esta provincia iraqu\u00ed.<\/span><\/div>\n<div><span lang=\"ES-TRAD\">\u00a0<\/span><\/div>\n<div><span lang=\"ES-TRAD\">En un comunicado, el ministerio dijo que sus fuerzas mataron a seis terroristas, cuatro de ellos llevan la nacionalidad paquistan\u00ed, adem\u00e1s de la desactivaci\u00f3n de 86 artefactos explosivos. Tambi\u00e9n fueron detonados 40 bombas que fueron sembradas por los terroristas en la zona adyacente al Lago Habbaniyah.<\/span><\/div>\n<div><span lang=\"ES-TRAD\">\u00a0<\/span><\/div>\n<div><span lang=\"ES-TRAD\">En la provincia de Salahuddin, la Polic\u00eda Federal iraqu\u00ed detuvo a cuatro cabecillas de la organizaci\u00f3n terrorista del Estado Isl\u00e1mico despu\u00e9s de asaltar su escondite a base de informaciones de inteligencia.<\/span><\/div>\n<div><span lang=\"ES-TRAD\">\u00a0<\/span><\/div>\n<div><span lang=\"ES-TRAD\">Cabe resaltar que el Comando Conjunto de las fuerzas iraqu\u00edes hab\u00eda anunciado el martes el inicio de la liberaci\u00f3n de la provincia de Anbar de los terroristas de la organizaci\u00f3n del Estado Isl\u00e1mico.<\/span><\/div>\n<div><\/div>\n<div><span style=\"color: #00ccff\">Fady M., Hala B.<\/span><\/div>\n<div class=\"yj6qo ajU\">\n<div id=\":ux\" class=\"ajR\"><img decoding=\"async\" class=\"ajT\" src=\"https:\/\/ssl.gstatic.com\/ui\/v1\/icons\/mail\/images\/cleardot.gif\" alt=\"\" \/><\/div>\n<\/div>\n","protected":false},"excerpt":{"rendered":"<p>Bagdad, SANA \u00a0 El ministerio de Defensa iraqu\u00ed anunci\u00f3 que las fuerzas iraqu\u00edes recuperaron el control de varias zonas de la provincia de Anbar en el marco de la operaci\u00f3n militar lanzada el martes para liberar a esta provincia iraqu\u00ed. \u00a0 En un comunicado, el ministerio dijo que sus fuerzas mataron a seis terroristas, cuatro &hellip;<\/p>\n","protected":false},"author":1,"featured_media":23997,"comment_status":"closed","ping_status":"closed","sticky":false,"template":"","format":"standard","meta":{"footnotes":""},"categories":[597,456],"tags":[5417],"class_list":["post-23996","post","type-post","status-publish","format-standard","has-post-thumbnail","","category-cinta-de-noticias","category-arabe-internacional-politica","tag-ejercito-iraqui-retoman-el-control-de-varias-zonas-en-anbar"],"_links":{"self":[{"href":"https:\/\/archive.sana.sy\/es\/index.php?rest_route=\/wp\/v2\/posts\/23996"}],"collection":[{"href":"https:\/\/archive.sana.sy\/es\/index.php?rest_route=\/wp\/v2\/posts"}],"about":[{"href":"https:\/\/archive.sana.sy\/es\/index.php?rest_route=\/wp\/v2\/types\/post"}],"author":[{"embeddable":true,"href":"https:\/\/archive.sana.sy\/es\/index.php?rest_route=\/wp\/v2\/users\/1"}],"replies":[{"embeddable":true,"href":"https:\/\/archive.sana.sy\/es\/index.php?rest_route=%2Fwp%2Fv2%2Fcomments&post=23996"}],"version-history":[{"count":0,"href":"https:\/\/archive.sana.sy\/es\/index.php?rest_route=\/wp\/v2\/posts\/23996\/revisions"}],"wp:featuredmedia":[{"embeddable":true,"href":"https:\/\/archive.sana.sy\/es\/index.php?rest_route=\/wp\/v2\/media\/23997"}],"wp:attachment":[{"href":"https:\/\/archive.sana.sy\/es\/index.php?rest_route=%2Fwp%2Fv2%2Fmedia&parent=23996"}],"wp:term":[{"taxonomy":"category","embeddable":true,"href":"https:\/\/archive.sana.sy\/es\/index.php?rest_route=%2Fwp%2Fv2%2Fcategories&post=23996"},{"taxonomy":"post_tag","embeddable":true,"href":"https:\/\/archive.sana.sy\/es\/index.php?rest_route=%2Fwp%2Fv2%2Ftags&post=23996"}],"curies":[{"name":"wp","href":"https:\/\/api.w.org\/{rel}","templated":true}]}}