{"id":24019,"date":"2015-05-27T14:34:07","date_gmt":"2015-05-27T11:34:07","guid":{"rendered":"http:\/\/sana.sy\/es\/?p=24019"},"modified":"2023-01-09T14:10:07","modified_gmt":"2023-01-09T12:10:07","slug":"cientos-de-sirios-participan-en-un-acto-de-solidaridad-con-el-ejercito-sirio-en-damasco","status":"publish","type":"post","link":"https:\/\/archive.sana.sy\/es\/?p=24019","title":{"rendered":"Cientos de sirios protagonizan un acto de solidaridad con el ej\u00e9rcito sirio en Damasco"},"content":{"rendered":"<p><span style=\"color: #800000\">Damasco, SANA<\/span><\/p>\n<p>Centenares de sirios se congregaron este mi\u00e9rcoles frente al club de al-Faihaa en la capital Damasco para rendir homenaje a los sacrificios del ej\u00e9rcito sirio en su lucha antiterrorista.<\/p>\n<p>Los protagonistas de esta iniciativa portaron banderas y pancartas en las cuales se pudo leer \u201cNuestros Ej\u00e9rcito es el Garante de nuestro Futuro\u201d, \u201cSaludos a los H\u00e9roes de Yisr Al Shughur\u201d, as\u00ed como corearon consignas que denuncian el terrorismo y sus patrocinadores.<\/p>\n<p>Asimismo expresaron su apoyo al ej\u00e9rcito sirio en la batalla que est\u00e1 librando contra las organizaciones terroristas que procedieron de todos los rincones del mundo para cometer cr\u00edmenes contra el pueblo sirio y su patrimonio cultural e hist\u00f3rico.<\/p>\n<p>Los reunidos dirigieron un saludo a los soldados h\u00e9roes que resistieron en el Hospital Nacional de Yisr Al Shughur ante la barbarie de los terroristas, expresando su orgullo por las heroicidades del ej\u00e9rcito en el campo de la batalla.<\/p>\n<div id='gallery-1' class='gallery galleryid-24019 gallery-columns-3 gallery-size-thumbnail'><figure class='gallery-item'>\n\t\t\t<div class='gallery-icon landscape'>\n\t\t\t\t<a href='https:\/\/archive.sana.sy\/es\/wp-content\/uploads\/2015\/05\/acto-de-solidaridad-con-el-ej\u00e9rcito-Damasco.jpg'><img loading=\"lazy\" decoding=\"async\" width=\"150\" height=\"80\" src=\"https:\/\/archive.sana.sy\/es\/wp-content\/uploads\/2015\/05\/acto-de-solidaridad-con-el-ej\u00e9rcito-Damasco-150x80.jpg\" class=\"attachment-thumbnail size-thumbnail\" alt=\"\" srcset=\"https:\/\/archive.sana.sy\/es\/wp-content\/uploads\/2015\/05\/acto-de-solidaridad-con-el-ej\u00e9rcito-Damasco-150x80.jpg 150w, https:\/\/archive.sana.sy\/es\/wp-content\/uploads\/2015\/05\/acto-de-solidaridad-con-el-ej\u00e9rcito-Damasco-300x160.jpg 300w, https:\/\/archive.sana.sy\/es\/wp-content\/uploads\/2015\/05\/acto-de-solidaridad-con-el-ej\u00e9rcito-Damasco.jpg 620w\" sizes=\"(max-width: 150px) 100vw, 150px\" \/><\/a>\n\t\t\t<\/div><\/figure><figure class='gallery-item'>\n\t\t\t<div class='gallery-icon landscape'>\n\t\t\t\t<a href='https:\/\/archive.sana.sy\/es\/wp-content\/uploads\/2015\/05\/acto-de-solidaridad-con-el-ej\u00e9rcito-Damasco-2.jpg'><img loading=\"lazy\" decoding=\"async\" width=\"150\" height=\"102\" src=\"https:\/\/archive.sana.sy\/es\/wp-content\/uploads\/2015\/05\/acto-de-solidaridad-con-el-ej\u00e9rcito-Damasco-2-150x102.jpg\" class=\"attachment-thumbnail size-thumbnail\" alt=\"\" srcset=\"https:\/\/archive.sana.sy\/es\/wp-content\/uploads\/2015\/05\/acto-de-solidaridad-con-el-ej\u00e9rcito-Damasco-2-150x102.jpg 150w, https:\/\/archive.sana.sy\/es\/wp-content\/uploads\/2015\/05\/acto-de-solidaridad-con-el-ej\u00e9rcito-Damasco-2-300x203.jpg 300w, https:\/\/archive.sana.sy\/es\/wp-content\/uploads\/2015\/05\/acto-de-solidaridad-con-el-ej\u00e9rcito-Damasco-2.jpg 500w\" sizes=\"(max-width: 150px) 100vw, 150px\" \/><\/a>\n\t\t\t<\/div><\/figure>\n\t\t<\/div>\n\n<p>&nbsp;<\/p>\n<p>Lynn A.<\/p>\n","protected":false},"excerpt":{"rendered":"<p>Damasco, SANA Centenares de sirios se congregaron este mi\u00e9rcoles frente al club de al-Faihaa en la capital Damasco para rendir homenaje a los sacrificios del ej\u00e9rcito sirio en su lucha antiterrorista. Los protagonistas de esta iniciativa portaron banderas y pancartas en las cuales se pudo leer \u201cNuestros Ej\u00e9rcito es el Garante de nuestro Futuro\u201d, \u201cSaludos &hellip;<\/p>\n","protected":false},"author":24,"featured_media":24021,"comment_status":"closed","ping_status":"closed","sticky":false,"template":"","format":"standard","meta":{"footnotes":""},"categories":[477,476],"tags":[5421],"class_list":["post-24019","post","type-post","status-publish","format-standard","has-post-thumbnail","","category-noticias-edulcorantes","category-locales","tag-cientos-de-sirios-participan-en-un-acto-de-solidaridad-con-el-ejercito-sirio-en-damasco"],"_links":{"self":[{"href":"https:\/\/archive.sana.sy\/es\/index.php?rest_route=\/wp\/v2\/posts\/24019"}],"collection":[{"href":"https:\/\/archive.sana.sy\/es\/index.php?rest_route=\/wp\/v2\/posts"}],"about":[{"href":"https:\/\/archive.sana.sy\/es\/index.php?rest_route=\/wp\/v2\/types\/post"}],"author":[{"embeddable":true,"href":"https:\/\/archive.sana.sy\/es\/index.php?rest_route=\/wp\/v2\/users\/24"}],"replies":[{"embeddable":true,"href":"https:\/\/archive.sana.sy\/es\/index.php?rest_route=%2Fwp%2Fv2%2Fcomments&post=24019"}],"version-history":[{"count":0,"href":"https:\/\/archive.sana.sy\/es\/index.php?rest_route=\/wp\/v2\/posts\/24019\/revisions"}],"wp:featuredmedia":[{"embeddable":true,"href":"https:\/\/archive.sana.sy\/es\/index.php?rest_route=\/wp\/v2\/media\/24021"}],"wp:attachment":[{"href":"https:\/\/archive.sana.sy\/es\/index.php?rest_route=%2Fwp%2Fv2%2Fmedia&parent=24019"}],"wp:term":[{"taxonomy":"category","embeddable":true,"href":"https:\/\/archive.sana.sy\/es\/index.php?rest_route=%2Fwp%2Fv2%2Fcategories&post=24019"},{"taxonomy":"post_tag","embeddable":true,"href":"https:\/\/archive.sana.sy\/es\/index.php?rest_route=%2Fwp%2Fv2%2Ftags&post=24019"}],"curies":[{"name":"wp","href":"https:\/\/api.w.org\/{rel}","templated":true}]}}