{"id":240197,"date":"2022-06-24T11:22:17","date_gmt":"2022-06-24T08:22:17","guid":{"rendered":"http:\/\/107.6.182.27\/es\/?p=240197"},"modified":"2023-01-10T15:57:02","modified_gmt":"2023-01-10T13:57:02","slug":"partido-conservador-pierde-las-elecciones-secundarias-en-reino-unido","status":"publish","type":"post","link":"https:\/\/archive.sana.sy\/es\/?p=240197","title":{"rendered":"Partido Conservador pierde las elecciones secundarias en Reino Unido"},"content":{"rendered":"<p style=\"text-align: justify;\"><span style=\"color: #800000;\"><strong>Londres, 24 (SANA) <\/strong><\/span>El primer ministro brit\u00e1nico, Boris Johnson, y su partido Conservador sufrieron dos derrotas aplastantes en las elecciones secundarias.<\/p>\n<p style=\"text-align: justify;\">La agencia France Press explic\u00f3 que los conservadores perdieron en Tiverton-Honiton una circunscripci\u00f3n en el suroeste del pa\u00eds y tambi\u00e9n en Wakefield lo cual aumentar\u00e1 las presiones sobre Johnson.<\/p>\n<p style=\"text-align: justify;\">La situaci\u00f3n no parece ser favorable para el premier brit\u00e1nico ya que la tasa de inflaci\u00f3n alcanz\u00f3 los m\u00e1s altos niveles desde hace cuarenta a\u00f1os cifrando un 9%, mientras que \u00faltimamente fracas\u00f3 el intento pol\u00e9mico de Johnson de deportar inmigrantes a Ruanda.<\/p>\n<p style=\"text-align: justify;\"><em><strong>rsh\/ah<\/strong><\/em><\/p>\n","protected":false},"excerpt":{"rendered":"<p>Londres, 24 (SANA) El primer ministro brit\u00e1nico, Boris Johnson, y su partido Conservador sufrieron dos derrotas aplastantes en las elecciones secundarias. La agencia France Press explic\u00f3 que los conservadores perdieron en Tiverton-Honiton una circunscripci\u00f3n en el suroeste del pa\u00eds y tambi\u00e9n en Wakefield lo cual aumentar\u00e1 las presiones sobre Johnson. La situaci\u00f3n no parece ser &hellip;<\/p>\n","protected":false},"author":30,"featured_media":240200,"comment_status":"closed","ping_status":"closed","sticky":false,"template":"","format":"standard","meta":{"footnotes":""},"categories":[597,456],"tags":[],"class_list":["post-240197","post","type-post","status-publish","format-standard","has-post-thumbnail","","category-cinta-de-noticias","category-arabe-internacional-politica"],"_links":{"self":[{"href":"https:\/\/archive.sana.sy\/es\/index.php?rest_route=\/wp\/v2\/posts\/240197"}],"collection":[{"href":"https:\/\/archive.sana.sy\/es\/index.php?rest_route=\/wp\/v2\/posts"}],"about":[{"href":"https:\/\/archive.sana.sy\/es\/index.php?rest_route=\/wp\/v2\/types\/post"}],"author":[{"embeddable":true,"href":"https:\/\/archive.sana.sy\/es\/index.php?rest_route=\/wp\/v2\/users\/30"}],"replies":[{"embeddable":true,"href":"https:\/\/archive.sana.sy\/es\/index.php?rest_route=%2Fwp%2Fv2%2Fcomments&post=240197"}],"version-history":[{"count":0,"href":"https:\/\/archive.sana.sy\/es\/index.php?rest_route=\/wp\/v2\/posts\/240197\/revisions"}],"wp:featuredmedia":[{"embeddable":true,"href":"https:\/\/archive.sana.sy\/es\/index.php?rest_route=\/wp\/v2\/media\/240200"}],"wp:attachment":[{"href":"https:\/\/archive.sana.sy\/es\/index.php?rest_route=%2Fwp%2Fv2%2Fmedia&parent=240197"}],"wp:term":[{"taxonomy":"category","embeddable":true,"href":"https:\/\/archive.sana.sy\/es\/index.php?rest_route=%2Fwp%2Fv2%2Fcategories&post=240197"},{"taxonomy":"post_tag","embeddable":true,"href":"https:\/\/archive.sana.sy\/es\/index.php?rest_route=%2Fwp%2Fv2%2Ftags&post=240197"}],"curies":[{"name":"wp","href":"https:\/\/api.w.org\/{rel}","templated":true}]}}