{"id":24027,"date":"2015-05-27T12:51:34","date_gmt":"2015-05-27T09:51:34","guid":{"rendered":"http:\/\/sana.sy\/es\/?p=24027"},"modified":"2023-01-09T14:10:07","modified_gmt":"2023-01-09T12:10:07","slug":"deraa-sufre-de-una-crisis-de-agua-debido-a-los-continuos-ataques-terroristas","status":"publish","type":"post","link":"https:\/\/archive.sana.sy\/es\/?p=24027","title":{"rendered":"Deraa sufre de crisis de agua debido a los continuos ataques terroristas"},"content":{"rendered":"<p><span style=\"color: #800000\">Deraa, SANA<\/span><\/p>\n<p>El presidente del sucursal de la Media Luna Roja \u00c1rabe Siria en Deraa, Ahmad al-Masalmeh se\u00f1al\u00f3 que la provincia sure\u00f1a sufre de una crisis de agua debido a los continuos ataques terroristas contra las fuentes h\u00eddricas en el \u00e1rea oeste.<\/p>\n<p>Durante su reuni\u00f3n con una delegaci\u00f3n del Comit\u00e9 Internacional de la Cruz Roja \u201cCICR\u201d, al-Masalme hizo una panor\u00e1mica sobre las medidas tomadas por su organizaci\u00f3n para hacer frente a esta crisis y garantizar la suministraci\u00f3n del nivel m\u00ednimo de agua a los vecinos de esta provincia.<\/p>\n<p>Los reunidos debatieron la posibilidad de responder a las necesidades de agua de esta provincia lo antes posible.<\/p>\n<p>&nbsp;<\/p>\n<p>Lynn A.<\/p>\n","protected":false},"excerpt":{"rendered":"<p>Deraa, SANA El presidente del sucursal de la Media Luna Roja \u00c1rabe Siria en Deraa, Ahmad al-Masalmeh se\u00f1al\u00f3 que la provincia sure\u00f1a sufre de una crisis de agua debido a los continuos ataques terroristas contra las fuentes h\u00eddricas en el \u00e1rea oeste. Durante su reuni\u00f3n con una delegaci\u00f3n del Comit\u00e9 Internacional de la Cruz Roja &hellip;<\/p>\n","protected":false},"author":24,"featured_media":24033,"comment_status":"closed","ping_status":"closed","sticky":false,"template":"","format":"standard","meta":{"footnotes":""},"categories":[477,476],"tags":[5422],"class_list":["post-24027","post","type-post","status-publish","format-standard","has-post-thumbnail","","category-noticias-edulcorantes","category-locales","tag-deraa-sufre-de-una-crisis-de-agua-debido-a-los-continuos-ataques-terroristas"],"_links":{"self":[{"href":"https:\/\/archive.sana.sy\/es\/index.php?rest_route=\/wp\/v2\/posts\/24027"}],"collection":[{"href":"https:\/\/archive.sana.sy\/es\/index.php?rest_route=\/wp\/v2\/posts"}],"about":[{"href":"https:\/\/archive.sana.sy\/es\/index.php?rest_route=\/wp\/v2\/types\/post"}],"author":[{"embeddable":true,"href":"https:\/\/archive.sana.sy\/es\/index.php?rest_route=\/wp\/v2\/users\/24"}],"replies":[{"embeddable":true,"href":"https:\/\/archive.sana.sy\/es\/index.php?rest_route=%2Fwp%2Fv2%2Fcomments&post=24027"}],"version-history":[{"count":0,"href":"https:\/\/archive.sana.sy\/es\/index.php?rest_route=\/wp\/v2\/posts\/24027\/revisions"}],"wp:featuredmedia":[{"embeddable":true,"href":"https:\/\/archive.sana.sy\/es\/index.php?rest_route=\/wp\/v2\/media\/24033"}],"wp:attachment":[{"href":"https:\/\/archive.sana.sy\/es\/index.php?rest_route=%2Fwp%2Fv2%2Fmedia&parent=24027"}],"wp:term":[{"taxonomy":"category","embeddable":true,"href":"https:\/\/archive.sana.sy\/es\/index.php?rest_route=%2Fwp%2Fv2%2Fcategories&post=24027"},{"taxonomy":"post_tag","embeddable":true,"href":"https:\/\/archive.sana.sy\/es\/index.php?rest_route=%2Fwp%2Fv2%2Ftags&post=24027"}],"curies":[{"name":"wp","href":"https:\/\/api.w.org\/{rel}","templated":true}]}}