{"id":24035,"date":"2015-05-27T17:41:40","date_gmt":"2015-05-27T14:41:40","guid":{"rendered":"http:\/\/sana.sy\/es\/?p=24035"},"modified":"2023-01-10T15:29:09","modified_gmt":"2023-01-10T13:29:09","slug":"siria-y-argelia-examinan-posibilidad-de-incrementar-volumen-del-intercambio-comercial","status":"publish","type":"post","link":"https:\/\/archive.sana.sy\/es\/?p=24035","title":{"rendered":"Siria y Argelia examinan posibilidad de incrementar volumen del intercambio comercial"},"content":{"rendered":"<p><span style=\"color: #800000\">Damasco, SANA<\/span><\/p>\n<p>El ministro de Econom\u00eda y Comercio Exterior, Humam al-Yazaairi examin\u00f3 con el embajador de Argelia en Damasco, Saleh Busha las v\u00edas de desarrollar la cooperaci\u00f3n comercial bilateral.<\/p>\n<p>En la reuni\u00f3n se destac\u00f3 la importancia de incrementar el volumen del intercambio comercial entre ambos pa\u00edses, tomando en cuenta la necesidad de Argelia de algunos productos sirios como los textiles, farmac\u00e9uticos y alimenticios.<\/p>\n<p>Asimismo ambas partes resaltaron la necesidad de recrear el Consejo de Negocios Sirio-Argelino mixto, siendo el \u00faltimo una herramienta eficiente para fortalecer la cooperaci\u00f3n econ\u00f3mica entre ambos pa\u00edses.<\/p>\n<p>El ministro sirio llam\u00f3 a elaborar un mecanismo adecuado para facilitar los \u00a0tr\u00e1mites relacionados con el movimiento de los empresarios entre Siria y Argelia a fin de ampliar el comercio entre los dos pa\u00edses.<\/p>\n<p>Por su parte, el Embajador argelino exhort\u00f3 la revitalizaci\u00f3n de las relaciones econ\u00f3micas y comerciales bilaterales,<br \/>\nmanifestando la firme postura de su pa\u00eds en apoyo a Siria y rechazo a la injerencia extranjera en sus asuntos internos.<\/p>\n<p>Lynn A.<\/p>\n","protected":false},"excerpt":{"rendered":"<p>Damasco, SANA El ministro de Econom\u00eda y Comercio Exterior, Humam al-Yazaairi examin\u00f3 con el embajador de Argelia en Damasco, Saleh Busha las v\u00edas de desarrollar la cooperaci\u00f3n comercial bilateral. En la reuni\u00f3n se destac\u00f3 la importancia de incrementar el volumen del intercambio comercial entre ambos pa\u00edses, tomando en cuenta la necesidad de Argelia de algunos &hellip;<\/p>\n","protected":false},"author":24,"featured_media":24036,"comment_status":"closed","ping_status":"closed","sticky":false,"template":"","format":"standard","meta":{"footnotes":""},"categories":[447,485],"tags":[5424],"class_list":["post-24035","post","type-post","status-publish","format-standard","has-post-thumbnail","","category-local-politica","category-informes-negocios-y-finanzas","tag-siria-y-argelia-examinan-posibilidad-de-incrementar-volumen-del-intercambio-comercial"],"_links":{"self":[{"href":"https:\/\/archive.sana.sy\/es\/index.php?rest_route=\/wp\/v2\/posts\/24035"}],"collection":[{"href":"https:\/\/archive.sana.sy\/es\/index.php?rest_route=\/wp\/v2\/posts"}],"about":[{"href":"https:\/\/archive.sana.sy\/es\/index.php?rest_route=\/wp\/v2\/types\/post"}],"author":[{"embeddable":true,"href":"https:\/\/archive.sana.sy\/es\/index.php?rest_route=\/wp\/v2\/users\/24"}],"replies":[{"embeddable":true,"href":"https:\/\/archive.sana.sy\/es\/index.php?rest_route=%2Fwp%2Fv2%2Fcomments&post=24035"}],"version-history":[{"count":0,"href":"https:\/\/archive.sana.sy\/es\/index.php?rest_route=\/wp\/v2\/posts\/24035\/revisions"}],"wp:featuredmedia":[{"embeddable":true,"href":"https:\/\/archive.sana.sy\/es\/index.php?rest_route=\/wp\/v2\/media\/24036"}],"wp:attachment":[{"href":"https:\/\/archive.sana.sy\/es\/index.php?rest_route=%2Fwp%2Fv2%2Fmedia&parent=24035"}],"wp:term":[{"taxonomy":"category","embeddable":true,"href":"https:\/\/archive.sana.sy\/es\/index.php?rest_route=%2Fwp%2Fv2%2Fcategories&post=24035"},{"taxonomy":"post_tag","embeddable":true,"href":"https:\/\/archive.sana.sy\/es\/index.php?rest_route=%2Fwp%2Fv2%2Ftags&post=24035"}],"curies":[{"name":"wp","href":"https:\/\/api.w.org\/{rel}","templated":true}]}}