{"id":24049,"date":"2015-05-27T19:53:47","date_gmt":"2015-05-27T16:53:47","guid":{"rendered":"http:\/\/sana.sy\/es\/?p=24049"},"modified":"2023-01-09T14:10:07","modified_gmt":"2023-01-09T12:10:07","slug":"un-martir-en-un-ataque-terrorista-contra-un-barrio-de-damasco","status":"publish","type":"post","link":"https:\/\/archive.sana.sy\/es\/?p=24049","title":{"rendered":"Un m\u00e1rtir en un ataque terrorista contra un barrio de Damasco"},"content":{"rendered":"<p><span style=\"color: #800000\">Damasco-SANA<\/span><\/p>\n<p style=\"text-align: justify\">Terroristas atacaron este mi\u00e9rcoles con dos proyectiles de mortero la zona de Basatin Abu Yrash, en la localidad de al-Adawi de la capital de Damasco, dejando una ni\u00f1a m\u00e1rtir, adem\u00e1s de varios heridos.<\/p>\n<p style=\"text-align: justify\">Una fuente policial inform\u00f3 que dos proyectiles de mortero lanzados por los terroristas cayeron en el barrio al-Rankusi en la localidad de al-Adawi, causando la muerte de una ni\u00f1a de (11) a\u00f1os y heridas a otras personas.<\/p>\n<p style=\"text-align: justify\">El ataque terrorista ocasion\u00f3 tambi\u00e9n grandes da\u00f1os materiales en dos casas lugare\u00f1os, agreg\u00f3 la fuente.<\/p>\n<p style=\"text-align: justify\">Es de se\u00f1alar, que la zona de Basatin Abu Yrash, se encuentra al sudeste del barrio Yobar, donde se extienden varios grupos terroristas.<\/p>\n<p>M.Miri<\/p>\n","protected":false},"excerpt":{"rendered":"<p>Damasco-SANA Terroristas atacaron este mi\u00e9rcoles con dos proyectiles de mortero la zona de Basatin Abu Yrash, en la localidad de al-Adawi de la capital de Damasco, dejando una ni\u00f1a m\u00e1rtir, adem\u00e1s de varios heridos. Una fuente policial inform\u00f3 que dos proyectiles de mortero lanzados por los terroristas cayeron en el barrio al-Rankusi en la localidad &hellip;<\/p>\n","protected":false},"author":1,"featured_media":9676,"comment_status":"closed","ping_status":"closed","sticky":false,"template":"","format":"standard","meta":{"footnotes":""},"categories":[573,476],"tags":[5427],"class_list":["post-24049","post","type-post","status-publish","format-standard","has-post-thumbnail","","category-la-realidad-de-los-acontecimientos-en-siria","category-locales","tag-un-martir-en-un-ataque-terrorista-contra-un-barrio-de-damasco"],"_links":{"self":[{"href":"https:\/\/archive.sana.sy\/es\/index.php?rest_route=\/wp\/v2\/posts\/24049"}],"collection":[{"href":"https:\/\/archive.sana.sy\/es\/index.php?rest_route=\/wp\/v2\/posts"}],"about":[{"href":"https:\/\/archive.sana.sy\/es\/index.php?rest_route=\/wp\/v2\/types\/post"}],"author":[{"embeddable":true,"href":"https:\/\/archive.sana.sy\/es\/index.php?rest_route=\/wp\/v2\/users\/1"}],"replies":[{"embeddable":true,"href":"https:\/\/archive.sana.sy\/es\/index.php?rest_route=%2Fwp%2Fv2%2Fcomments&post=24049"}],"version-history":[{"count":0,"href":"https:\/\/archive.sana.sy\/es\/index.php?rest_route=\/wp\/v2\/posts\/24049\/revisions"}],"wp:featuredmedia":[{"embeddable":true,"href":"https:\/\/archive.sana.sy\/es\/index.php?rest_route=\/wp\/v2\/media\/9676"}],"wp:attachment":[{"href":"https:\/\/archive.sana.sy\/es\/index.php?rest_route=%2Fwp%2Fv2%2Fmedia&parent=24049"}],"wp:term":[{"taxonomy":"category","embeddable":true,"href":"https:\/\/archive.sana.sy\/es\/index.php?rest_route=%2Fwp%2Fv2%2Fcategories&post=24049"},{"taxonomy":"post_tag","embeddable":true,"href":"https:\/\/archive.sana.sy\/es\/index.php?rest_route=%2Fwp%2Fv2%2Ftags&post=24049"}],"curies":[{"name":"wp","href":"https:\/\/api.w.org\/{rel}","templated":true}]}}