{"id":24069,"date":"2015-05-27T23:10:37","date_gmt":"2015-05-27T20:10:37","guid":{"rendered":"http:\/\/sana.sy\/es\/?p=24069"},"modified":"2015-05-28T16:52:06","modified_gmt":"2015-05-28T13:52:06","slug":"cuba-reafirma-su-apoyo-a-siria-contra-el-terrorismo","status":"publish","type":"post","link":"https:\/\/archive.sana.sy\/es\/?p=24069","title":{"rendered":"Cuba reafirma su apoyo a Siria contra el terrorismo"},"content":{"rendered":"<p><span style=\"color: #800000\">La Habana-SANA<\/span><\/p>\n<p style=\"text-align: justify\">El secretario regional adjunto del Partido Socialista \u00c1rabe al-Baaz , Hilal al-Hilal, discuti\u00f3 el mi\u00e9rcoles con el miembro del Comit\u00e9 Central del Partido Comunista de Cuba, , Jos\u00e9 Ram\u00f3n Balaguer, las relaciones hist\u00f3ricas entre Siria y Cuba, resaltando que Siria esta defendiendo de todo el mundo contra el terrorismo.<\/p>\n<p style=\"text-align: justify\">&#8220;Las relaciones amistosas entre los dos pa\u00edses se extienden a lo largo de la historia y que han sido presentados por la profundidad y la fuerza&#8221;, dijo al-Hilal, agregando que estas relaciones se consolidan bajo el liderazgo de los presidentes Bashar al-Assad y Ra\u00fal Castro.<\/p>\n<p style=\"text-align: justify\">&#8220;A pesar de 4 a\u00f1os de la guerra y la agresi\u00f3n contra el pa\u00eds, Siria ha sido capaz, a trav\u00e9s de su liderazgo competente, ej\u00e9rcito y el pueblo, de frustrar todos los intentos terroristas que pretend\u00edan derrotar la patria&#8221;, a\u00f1adi\u00f3 al-Hilal.<\/p>\n<p style=\"text-align: justify\">Por su parte, Balaguer afirm\u00f3 que Cuba sigue con gran preocupaci\u00f3n lo que est\u00e1 pasando en Siria, manifestando el apoyo de Cuba a Siria.<br \/>\n&#8220;Cuba respalda a Siria ante la guerra global lanzada por el imperialismo contra el pa\u00eds&#8221;, afirm\u00f3 Balaguer.<\/p>\n<p style=\"text-align: justify\">Al-Hilal coloc\u00f3 una ofrenda floral en el monumento del h\u00e9roe nacional de Cuba Jos\u00e9 Mart\u00ed, recorriendo su museo que incluye una serie de fotograf\u00edas y documentos.<\/p>\n<p>M.Miri<\/p>\n","protected":false},"excerpt":{"rendered":"<p>La Habana-SANA El secretario regional adjunto del Partido Socialista \u00c1rabe al-Baaz , Hilal al-Hilal, discuti\u00f3 el mi\u00e9rcoles con el miembro del Comit\u00e9 Central del Partido Comunista de Cuba, , Jos\u00e9 Ram\u00f3n Balaguer, las relaciones hist\u00f3ricas entre Siria y Cuba, resaltando que Siria esta defendiendo de todo el mundo contra el terrorismo. &#8220;Las relaciones amistosas entre &hellip;<\/p>\n","protected":false},"author":1,"featured_media":24070,"comment_status":"closed","ping_status":"closed","sticky":false,"template":"","format":"standard","meta":{"footnotes":""},"categories":[456,457,576],"tags":[5429],"class_list":["post-24069","post","type-post","status-publish","format-standard","has-post-thumbnail","","category-arabe-internacional-politica","category-noticias-arabe-internacional-politica","category-noticias-politicas","tag-cuba-reafirma-su-apoyo-a-siria-contra-el-terrorismo"],"_links":{"self":[{"href":"https:\/\/archive.sana.sy\/es\/index.php?rest_route=\/wp\/v2\/posts\/24069"}],"collection":[{"href":"https:\/\/archive.sana.sy\/es\/index.php?rest_route=\/wp\/v2\/posts"}],"about":[{"href":"https:\/\/archive.sana.sy\/es\/index.php?rest_route=\/wp\/v2\/types\/post"}],"author":[{"embeddable":true,"href":"https:\/\/archive.sana.sy\/es\/index.php?rest_route=\/wp\/v2\/users\/1"}],"replies":[{"embeddable":true,"href":"https:\/\/archive.sana.sy\/es\/index.php?rest_route=%2Fwp%2Fv2%2Fcomments&post=24069"}],"version-history":[{"count":0,"href":"https:\/\/archive.sana.sy\/es\/index.php?rest_route=\/wp\/v2\/posts\/24069\/revisions"}],"wp:featuredmedia":[{"embeddable":true,"href":"https:\/\/archive.sana.sy\/es\/index.php?rest_route=\/wp\/v2\/media\/24070"}],"wp:attachment":[{"href":"https:\/\/archive.sana.sy\/es\/index.php?rest_route=%2Fwp%2Fv2%2Fmedia&parent=24069"}],"wp:term":[{"taxonomy":"category","embeddable":true,"href":"https:\/\/archive.sana.sy\/es\/index.php?rest_route=%2Fwp%2Fv2%2Fcategories&post=24069"},{"taxonomy":"post_tag","embeddable":true,"href":"https:\/\/archive.sana.sy\/es\/index.php?rest_route=%2Fwp%2Fv2%2Ftags&post=24069"}],"curies":[{"name":"wp","href":"https:\/\/api.w.org\/{rel}","templated":true}]}}