{"id":24072,"date":"2015-05-28T12:20:45","date_gmt":"2015-05-28T09:20:45","guid":{"rendered":"http:\/\/sana.sy\/es\/?p=24072"},"modified":"2015-05-28T18:24:33","modified_gmt":"2015-05-28T15:24:33","slug":"jaafari-se-movilizo-a-muchos-medios-para-promover-el-terrorismo-en-siria","status":"publish","type":"post","link":"https:\/\/archive.sana.sy\/es\/?p=24072","title":{"rendered":"Jaafari: se moviliz\u00f3 a muchos medios para promover el terrorismo en Siria \u00a0"},"content":{"rendered":"<div><\/div>\n<div><span lang=\"ES-TRAD\" style=\"color: #ff0000\">Nueva York, SANA<\/span><\/div>\n<div><span lang=\"ES-TRAD\">\u00a0<\/span><\/div>\n<div><span lang=\"ES-TRAD\">El Representante Permanente de Siria ante las Naciones Unidas, Dr. Bashar al-Jaafari, dijo que &#8220;la maquinaria medi\u00e1tica contin\u00faa por quinto a\u00f1o consecutivo, su duro trabajo para la incitaci\u00f3n al terrorismo y la violencia, y para difundir la sedici\u00f3n y fabricar las mentiras sobre lo que est\u00e1 sucediendo en Siria, lo cual constituye una violaci\u00f3n flagrante a las resoluciones del Consejo de Seguridad y de la \u00e9tica del trabajo period\u00edstico&#8221;.<\/span><\/div>\n<div><span lang=\"ES-TRAD\">\u00a0<\/span><\/div>\n<div><span lang=\"ES-TRAD\">La afirmaci\u00f3n de Jaafari tuvo lugar durante su intervenci\u00f3n ante una sesi\u00f3n abierta de debate del Consejo de Seguridad sobre &#8220;protecci\u00f3n de los civiles y periodistas en los conflictos armados&#8221;.<\/span><\/div>\n<div><span lang=\"ES-TRAD\">\u00a0<\/span><\/div>\n<div><span lang=\"ES-TRAD\">El delegado sirio indic\u00f3 que &#8220;se ha movilizado muchos medios de comunicaci\u00f3n y sitios web para promover el terrorismo y la captaci\u00f3n de combatientes terroristas extranjeros y enviarlos a Siria desde todas partes del mundo, en una violaci\u00f3n deliberada de las resoluciones del Consejo de Seguridad y de otros tratados internacionales relativos a lucha contra el terrorismo. Se\u00f1al\u00f3 tambi\u00e9n, que todo esto se lleva a cabo en medio de un silencio sospechoso de los \u00f3rganos y comit\u00e9s del Consejo de Seguridad.<\/span><\/div>\n<div><span lang=\"ES-TRAD\">\u00a0<\/span><\/div>\n<div><span lang=\"ES-TRAD\">El diplom\u00e1tico sirio precis\u00f3 que &#8220;esta movilizaci\u00f3n medi\u00e1tica contra Siria fue acompa\u00f1ada de intentos para silenciar a los medios de comunicaci\u00f3n sirios&#8221;, haciendo alusi\u00f3n a los actos de sabotaje contra las sedes de las instituciones medi\u00e1ticas, y a los cr\u00edmenes de asesinato y secuestro contra el personal sirio que labora en el sector de la prensa&#8221;.<\/span><\/div>\n<div><span lang=\"ES-TRAD\">\u00a0<\/span><\/div>\n<div><span lang=\"ES-TRAD\">En este sentido, revel\u00f3 que 33 periodistas y trabajadores de la prensa siria fueron asesinados y otros decenas sufrieron lesiones, asaltos y secuestros por parte de las organizaciones terroristas armadas que algunos pa\u00edses influyentes en el Consejo de Seguridad anuncian p\u00fablicamente que los est\u00e1n entrenando sobre el territorio turco y jordano.<\/span><\/div>\n<div><span lang=\"ES-TRAD\">\u00a0<\/span><\/div>\n<div><span lang=\"ES-TRAD\">Jaafari se\u00f1al\u00f3 que &#8220;el gobierno sirio ha tratado con los medios de comunicaci\u00f3n de manera abierta, y emiti\u00f3 desde las primeras semanas de la crisis una nueva Ley de Prensa en un paso destinado a fortalecer la labor period\u00edstica y lograr m\u00e1s libertad y transparencia.<\/span><\/div>\n<div><span lang=\"ES-TRAD\">\u00a0<\/span><\/div>\n<div><span lang=\"ES-TRAD\">Adem\u00e1s, aclar\u00f3 que &#8220;el gobierno sirio se comprometi\u00f3 a cooperar con el ex Enviado Especial de la Naciones Unidas, Kofi Annan, e implement\u00f3 su plan de seis puntos, incluyendo el quinto punto sobre la entrada y el trabajo de los periodistas&#8221;.<\/span><\/div>\n<div><span lang=\"ES-TRAD\">\u00a0<\/span><\/div>\n<div><span lang=\"ES-TRAD\">En este sentido, se\u00f1al\u00f3 que &#8220;Siria concedi\u00f3 permisos de entrada y trabajo para cientos de periodistas \u00e1rabes y extranjeros, lo cual fue confirmado por el mismo Annan en aquel momento&#8221;.<\/span><\/div>\n<div><span lang=\"ES-TRAD\">\u00a0<\/span><\/div>\n<div><span lang=\"ES-TRAD\">Tambi\u00e9n, destac\u00f3 que el gobierno sirio sigue recibiendo a los periodistas que deseen entrar en Siria, pero de forma legal y a trav\u00e9s de pasos fronterizos oficiales para que puedan trabajar libremente.<\/span><\/div>\n<div><span lang=\"ES-TRAD\">\u00a0<\/span><\/div>\n<div><span lang=\"ES-TRAD\">&#8220;El gobierno sirio ha prestado atenci\u00f3n a la seguridad de los periodistas, y les pidi\u00f3 que no entraran al territorio sirio ilegalmente, as\u00ed como les llam\u00f3 a evitar los lugares donde se despliegan los grupos terroristas, en particular el &#8220;EI&#8221; y el &#8220;Frente al-Nousra&#8221;, dijo Jaafari, lamentando que el terrorismo acab\u00f3 con la vida de algunos periodistas extranjeros, igual como le pas\u00f3 a sus contrapartes en Siria&#8221;.<\/span><\/div>\n<div><span lang=\"ES-TRAD\">\u00a0<\/span><\/div>\n<div><span lang=\"ES-TRAD\">Al-Jaafari continu\u00f3: &#8220;Sin embargo, algunos periodistas contin\u00faan, por desgracia, infiltr\u00e1ndose en el territorio sirio por la frontera com\u00fan con los pa\u00edses vecinos de manera ilegal y con la ayuda de los grupos armados&#8221;.<\/span><\/div>\n<div><span lang=\"ES-TRAD\">\u00a0<\/span><\/div>\n<div><span lang=\"ES-TRAD\">Por otro lado, el delegado sirio en la ONU se\u00f1al\u00f3 que en el mismo momento en que \u00e9l habla en el Consejo de Seguridad el canal &#8220;al-Jazeera&#8221; entrevista al terrorista Abu Mohammed Joulani, l\u00edder de la organizaci\u00f3n terrorista del Frente al-Nousra, en una entrevista para promover el terrorismo y lanzar nuevas amenazas contra el gobierno y el pueblo de Siria.<\/span><\/div>\n<div><span lang=\"ES-TRAD\">\u00a0<\/span><\/div>\n<div><span lang=\"ES-TRAD\">Destac\u00f3 que este tipo de entrevistas representa una violaci\u00f3n flagrante a las resoluciones del Consejo de Seguridad relativas a la lucha contra el terrorismo, en particular la resoluci\u00f3n No. 1624 sobre la prevenci\u00f3n de la incitaci\u00f3n al terrorismo.<\/span><\/div>\n<div><\/div>\n<div><span style=\"color: #00ccff\">Fady M., Hala B.<\/span><\/div>\n<div class=\"yj6qo ajU\">\n<div id=\":v8\" class=\"ajR\"><img decoding=\"async\" class=\"ajT\" src=\"https:\/\/ssl.gstatic.com\/ui\/v1\/icons\/mail\/images\/cleardot.gif\" alt=\"\" \/><\/div>\n<\/div>\n","protected":false},"excerpt":{"rendered":"<p>Nueva York, SANA \u00a0 El Representante Permanente de Siria ante las Naciones Unidas, Dr. Bashar al-Jaafari, dijo que &#8220;la maquinaria medi\u00e1tica contin\u00faa por quinto a\u00f1o consecutivo, su duro trabajo para la incitaci\u00f3n al terrorismo y la violencia, y para difundir la sedici\u00f3n y fabricar las mentiras sobre lo que est\u00e1 sucediendo en Siria, lo cual &hellip;<\/p>\n","protected":false},"author":1,"featured_media":24073,"comment_status":"closed","ping_status":"closed","sticky":false,"template":"","format":"standard","meta":{"footnotes":""},"categories":[597,456,457,576],"tags":[5430],"class_list":["post-24072","post","type-post","status-publish","format-standard","has-post-thumbnail","","category-cinta-de-noticias","category-arabe-internacional-politica","category-noticias-arabe-internacional-politica","category-noticias-politicas","tag-jaafari-se-movilizo-a-muchos-medios-para-promover-el-terrorismo-en-siria"],"_links":{"self":[{"href":"https:\/\/archive.sana.sy\/es\/index.php?rest_route=\/wp\/v2\/posts\/24072"}],"collection":[{"href":"https:\/\/archive.sana.sy\/es\/index.php?rest_route=\/wp\/v2\/posts"}],"about":[{"href":"https:\/\/archive.sana.sy\/es\/index.php?rest_route=\/wp\/v2\/types\/post"}],"author":[{"embeddable":true,"href":"https:\/\/archive.sana.sy\/es\/index.php?rest_route=\/wp\/v2\/users\/1"}],"replies":[{"embeddable":true,"href":"https:\/\/archive.sana.sy\/es\/index.php?rest_route=%2Fwp%2Fv2%2Fcomments&post=24072"}],"version-history":[{"count":0,"href":"https:\/\/archive.sana.sy\/es\/index.php?rest_route=\/wp\/v2\/posts\/24072\/revisions"}],"wp:featuredmedia":[{"embeddable":true,"href":"https:\/\/archive.sana.sy\/es\/index.php?rest_route=\/wp\/v2\/media\/24073"}],"wp:attachment":[{"href":"https:\/\/archive.sana.sy\/es\/index.php?rest_route=%2Fwp%2Fv2%2Fmedia&parent=24072"}],"wp:term":[{"taxonomy":"category","embeddable":true,"href":"https:\/\/archive.sana.sy\/es\/index.php?rest_route=%2Fwp%2Fv2%2Fcategories&post=24072"},{"taxonomy":"post_tag","embeddable":true,"href":"https:\/\/archive.sana.sy\/es\/index.php?rest_route=%2Fwp%2Fv2%2Ftags&post=24072"}],"curies":[{"name":"wp","href":"https:\/\/api.w.org\/{rel}","templated":true}]}}