{"id":24076,"date":"2015-05-28T12:23:35","date_gmt":"2015-05-28T09:23:35","guid":{"rendered":"http:\/\/sana.sy\/es\/?p=24076"},"modified":"2015-05-28T12:23:35","modified_gmt":"2015-05-28T09:23:35","slug":"segun-ultima-encuesta-antes-de-las-elecciones-el-partido-de-erdogan-perdera-la-mayoria-parlamentaria","status":"publish","type":"post","link":"https:\/\/archive.sana.sy\/es\/?p=24076","title":{"rendered":"Seg\u00fan \u00faltima encuesta antes de las elecciones, el partido de Erdogan perder\u00e1 la mayor\u00eda parlamentaria"},"content":{"rendered":"<div>\n<div><span lang=\"ES-TRAD\" style=\"color: #ff0000\">Ankara, SANA<\/span><\/div>\n<div><span lang=\"ES-TRAD\">\u00a0<\/span><\/div>\n<div><span lang=\"ES-TRAD\">La \u00faltima encuesta antes de la celebraci\u00f3n de las elecciones parlamentarias en Turqu\u00eda revel\u00f3 que el partido gobernante &#8220;Justicia y Desarrollo&#8221;, perder\u00e1n la mayor\u00eda que le permite formar un gobierno por s\u00ed solo en las elecciones previstas para el d\u00eda 7 de junio pr\u00f3ximo.<\/span><\/div>\n<div><span lang=\"ES-TRAD\">\u00a0<\/span><\/div>\n<div><span lang=\"ES-TRAD\">Murad Kasega, Director General de la Fundaci\u00f3n de Investigaci\u00f3n de Turqu\u00eda, dijo que esta encuesta que se llev\u00f3 a cabo en 192 poblados en 36 estados turcos es la \u00faltima permitida por la ley turca 10 d\u00edas antes de la fecha de las elecciones.<\/span><\/div>\n<div><span lang=\"ES-TRAD\">Asimismo, se\u00f1al\u00f3 que los resultados de la encuesta mostraron que el Partido de Justicia y Desarrollo conseguir\u00e1 solamente cerca de 260 esca\u00f1os de los 550 lo que constituye 16 esca\u00f1os menor para el qu\u00f3rum constitucional requerido para formar un gobierno en Turqu\u00eda, asegurando que el Partido Popular Republicano ganar\u00eda unos 140 esca\u00f1os contra 85 esca\u00f1os del Movimiento Nacionalista.<\/span><\/div>\n<div><span lang=\"ES-TRAD\">\u00a0<\/span><\/div>\n<div><span lang=\"ES-TRAD\">De igual manera, la encuesta revel\u00f3 la condena de la mayor\u00eda de los ciudadanos turcos para la participaci\u00f3n de Erdogan en la campa\u00f1a electoral a favor del Partido de Justicia y el Desarrollo.<\/span><\/div>\n<\/div>\n<div><\/div>\n<div><span style=\"color: #00ccff\">Fady M., Hala B.<\/span><\/div>\n<div>\n<div class=\"yj6qo ajU\">\n<div id=\":tm\" class=\"ajR\"><img decoding=\"async\" class=\"ajT\" src=\"https:\/\/ssl.gstatic.com\/ui\/v1\/icons\/mail\/images\/cleardot.gif\" alt=\"\" \/><\/div>\n<\/div>\n<\/div>\n<div><span lang=\"ES-TRAD\">\u00a0<\/span><\/div>\n","protected":false},"excerpt":{"rendered":"<p>Ankara, SANA \u00a0 La \u00faltima encuesta antes de la celebraci\u00f3n de las elecciones parlamentarias en Turqu\u00eda revel\u00f3 que el partido gobernante &#8220;Justicia y Desarrollo&#8221;, perder\u00e1n la mayor\u00eda que le permite formar un gobierno por s\u00ed solo en las elecciones previstas para el d\u00eda 7 de junio pr\u00f3ximo. \u00a0 Murad Kasega, Director General de la Fundaci\u00f3n &hellip;<\/p>\n","protected":false},"author":1,"featured_media":24077,"comment_status":"closed","ping_status":"closed","sticky":false,"template":"","format":"standard","meta":{"footnotes":""},"categories":[456,576],"tags":[5432,5431],"class_list":["post-24076","post","type-post","status-publish","format-standard","has-post-thumbnail","","category-arabe-internacional-politica","category-noticias-politicas","tag-el-partido-de-erdogan-perdera-la-mayoria-parlamentaria","tag-segun-ultima-encuesta-antes-de-las-elecciones"],"_links":{"self":[{"href":"https:\/\/archive.sana.sy\/es\/index.php?rest_route=\/wp\/v2\/posts\/24076"}],"collection":[{"href":"https:\/\/archive.sana.sy\/es\/index.php?rest_route=\/wp\/v2\/posts"}],"about":[{"href":"https:\/\/archive.sana.sy\/es\/index.php?rest_route=\/wp\/v2\/types\/post"}],"author":[{"embeddable":true,"href":"https:\/\/archive.sana.sy\/es\/index.php?rest_route=\/wp\/v2\/users\/1"}],"replies":[{"embeddable":true,"href":"https:\/\/archive.sana.sy\/es\/index.php?rest_route=%2Fwp%2Fv2%2Fcomments&post=24076"}],"version-history":[{"count":0,"href":"https:\/\/archive.sana.sy\/es\/index.php?rest_route=\/wp\/v2\/posts\/24076\/revisions"}],"wp:featuredmedia":[{"embeddable":true,"href":"https:\/\/archive.sana.sy\/es\/index.php?rest_route=\/wp\/v2\/media\/24077"}],"wp:attachment":[{"href":"https:\/\/archive.sana.sy\/es\/index.php?rest_route=%2Fwp%2Fv2%2Fmedia&parent=24076"}],"wp:term":[{"taxonomy":"category","embeddable":true,"href":"https:\/\/archive.sana.sy\/es\/index.php?rest_route=%2Fwp%2Fv2%2Fcategories&post=24076"},{"taxonomy":"post_tag","embeddable":true,"href":"https:\/\/archive.sana.sy\/es\/index.php?rest_route=%2Fwp%2Fv2%2Ftags&post=24076"}],"curies":[{"name":"wp","href":"https:\/\/api.w.org\/{rel}","templated":true}]}}