{"id":24079,"date":"2015-05-28T12:56:11","date_gmt":"2015-05-28T09:56:11","guid":{"rendered":"http:\/\/sana.sy\/es\/?p=24079"},"modified":"2015-05-28T16:55:31","modified_gmt":"2015-05-28T13:55:31","slug":"canciller-cubano-la-valiente-resistencia-del-pueblo-sirio-es-una-necesidad-basica-para-el-destino-de-la-humanidad","status":"publish","type":"post","link":"https:\/\/archive.sana.sy\/es\/?p=24079","title":{"rendered":"Canciller cubano: la valiente resistencia del pueblo sirio es una necesidad b\u00e1sica para el destino de la humanidad \u00a0"},"content":{"rendered":"<div><\/div>\n<div><span lang=\"ES-TRAD\" style=\"color: #ff0000\">La Habana, SANA<\/span><\/div>\n<div><span lang=\"ES-TRAD\" style=\"color: #ff0000\">\u00a0<\/span><\/div>\n<div><span lang=\"ES-TRAD\">El Subsecretario del Partido Baath \u00c1rabe Socialista, Hilal al-Hilal, se reuni\u00f3 en la capital cubana La Habana, con \u00a0el ministro de Relaciones Exteriores de Cuba, Bruno Rodr\u00edguez.<\/span><\/div>\n<div><span lang=\"ES-TRAD\">\u00a0<\/span><\/div>\n<div><span lang=\"ES-TRAD\">Durante la reuni\u00f3n, el canciller cubano afirm\u00f3 que la resistencia valiente librada por el pueblo sirio es esencial para el destino de la humanidad, asegurando que su pa\u00eds guarda gran respeto al pueblo sirio por su firmeza y resistencia.<\/span><\/div>\n<div><span lang=\"ES-TRAD\">\u00a0<\/span><\/div>\n<div><span lang=\"ES-TRAD\">Al-Hilal asegur\u00f3 que el Partido Baath \u00c1rabe Socialista y a trav\u00e9s de su trayectoria de lucha desde el a\u00f1o 1947 y hasta el momento, siempre ha proporcionado todas las formas de apoyo y respaldo a los movimientos de liberaci\u00f3n en el mundo, destacando que Cuba fue al frente de los pa\u00edses con quien el partido estableci\u00f3 relaciones especiales.<\/span><\/div>\n<div><span lang=\"ES-TRAD\">\u00a0<\/span><\/div>\n<div><span lang=\"ES-TRAD\">El dirigente partidista sirio explic\u00f3 que la agresi\u00f3n contra Siria y Cuba por parte de Estados Unidos y sus aliados de pa\u00edses \u00e1rabes, regionales y occidentales, se debe a que ambos pa\u00edses se hayan aferrado a la soberan\u00eda y la independencia, y el rechazo de la dependencia y poner en peligro los derechos y las constantes.<\/span><\/div>\n<div><span lang=\"ES-TRAD\">\u00a0<\/span><\/div>\n<div><span lang=\"ES-TRAD\">Por su parte, el ministro de Relaciones Exteriores de Cuba dijo: &#8220;Cuba reconoce y respeta la firmeza del pueblo sirio, que est\u00e1 librando una lucha crucial, y esta lucha es un derecho del pueblo sirio se conformidad con el Derecho Internacional y la Carta de las Naciones Unidas&#8221;.<\/span><\/div>\n<div><span lang=\"ES-TRAD\">\u00a0<\/span><\/div>\n<div><span lang=\"ES-TRAD\">Rodr\u00edguez destac\u00f3 que Cuba y los pa\u00edses latinoamericanos apoyan la lucha del pueblo sirio, haciendo alusi\u00f3n que el apoyo de Cuba a Siria es una expresi\u00f3n de las relaciones de amistad y cooperaci\u00f3n&#8221;.<\/span><\/div>\n<div><span lang=\"ES-TRAD\">\u00a0<\/span><\/div>\n<div><span lang=\"ES-TRAD\">El canciller cubano a\u00f1adi\u00f3 que &#8220;el gobierno cubano aprecia altamente al liderazgo del presidente al-Assad y su firmeza, y que Cuba est\u00e1 librando una lucha com\u00fan con Siria en el \u00e1mbito internacional&#8221;, y expres\u00f3 su confianza en la inevitabilidad de la victoria de Siria.<\/span><\/div>\n<div><span lang=\"ES-TRAD\">\u00a0<\/span><\/div>\n<div><span lang=\"ES-TRAD\">Asistieron a la reuni\u00f3n del lado cubana, Orlando Rakihw, Director del Departamento de \u00c1frica y Medio Oriente en la canciller\u00eda cubana, y Clara Pulido, Jefa del Departamento \u00c1frica y Medio Oriente en el Comit\u00e9 Central del Partido Comunista de Cuba.<\/span><\/div>\n<div><\/div>\n<div><span style=\"color: #00ccff\">Fady M., Hala B.<\/span><\/div>\n","protected":false},"excerpt":{"rendered":"<p>La Habana, SANA \u00a0 El Subsecretario del Partido Baath \u00c1rabe Socialista, Hilal al-Hilal, se reuni\u00f3 en la capital cubana La Habana, con \u00a0el ministro de Relaciones Exteriores de Cuba, Bruno Rodr\u00edguez. \u00a0 Durante la reuni\u00f3n, el canciller cubano afirm\u00f3 que la resistencia valiente librada por el pueblo sirio es esencial para el destino de la &hellip;<\/p>\n","protected":false},"author":1,"featured_media":24087,"comment_status":"closed","ping_status":"closed","sticky":false,"template":"","format":"standard","meta":{"footnotes":""},"categories":[456,457,576],"tags":[5433],"class_list":["post-24079","post","type-post","status-publish","format-standard","has-post-thumbnail","","category-arabe-internacional-politica","category-noticias-arabe-internacional-politica","category-noticias-politicas","tag-canciller-cubano-la-valiente-resistencia-del-pueblo-sirio-es-una-necesidad-basica-para-el-destino-de-la-humanidad"],"_links":{"self":[{"href":"https:\/\/archive.sana.sy\/es\/index.php?rest_route=\/wp\/v2\/posts\/24079"}],"collection":[{"href":"https:\/\/archive.sana.sy\/es\/index.php?rest_route=\/wp\/v2\/posts"}],"about":[{"href":"https:\/\/archive.sana.sy\/es\/index.php?rest_route=\/wp\/v2\/types\/post"}],"author":[{"embeddable":true,"href":"https:\/\/archive.sana.sy\/es\/index.php?rest_route=\/wp\/v2\/users\/1"}],"replies":[{"embeddable":true,"href":"https:\/\/archive.sana.sy\/es\/index.php?rest_route=%2Fwp%2Fv2%2Fcomments&post=24079"}],"version-history":[{"count":0,"href":"https:\/\/archive.sana.sy\/es\/index.php?rest_route=\/wp\/v2\/posts\/24079\/revisions"}],"wp:featuredmedia":[{"embeddable":true,"href":"https:\/\/archive.sana.sy\/es\/index.php?rest_route=\/wp\/v2\/media\/24087"}],"wp:attachment":[{"href":"https:\/\/archive.sana.sy\/es\/index.php?rest_route=%2Fwp%2Fv2%2Fmedia&parent=24079"}],"wp:term":[{"taxonomy":"category","embeddable":true,"href":"https:\/\/archive.sana.sy\/es\/index.php?rest_route=%2Fwp%2Fv2%2Fcategories&post=24079"},{"taxonomy":"post_tag","embeddable":true,"href":"https:\/\/archive.sana.sy\/es\/index.php?rest_route=%2Fwp%2Fv2%2Ftags&post=24079"}],"curies":[{"name":"wp","href":"https:\/\/api.w.org\/{rel}","templated":true}]}}