{"id":24082,"date":"2015-05-28T14:56:47","date_gmt":"2015-05-28T11:56:47","guid":{"rendered":"http:\/\/sana.sy\/es\/?p=24082"},"modified":"2015-05-29T20:15:57","modified_gmt":"2015-05-29T17:15:57","slug":"presidente-al-assad-emite-decreto-legislativo-que-regula-la-labor-del-establecimiento-general-de-vivienda","status":"publish","type":"post","link":"https:\/\/archive.sana.sy\/es\/?p=24082","title":{"rendered":"Presidente al-Assad emite Decreto Legislativo que regula la labor del Establecimiento General de Vivienda"},"content":{"rendered":"<div><span style=\"color: #ff0000\" title=\"\u062f\u0645\u0634\u0642 - \u0633\u0627\u0646\u0627\">Damasco, SANA<\/span><\/div>\n<div><span style=\"color: #ff0000\"><span lang=\"ES\"><br \/>\n<\/span><span style=\"color: #000000\" title=\"\u0648\u0641\u064a \u062a\u0635\u0631\u064a\u062d \u0628\u064a\u0646 \u0645\u062f\u064a\u0631 \u0639\u0627\u0645 \u0627\u0644\u0645\u0624\u0633\u0633\u0629 \u0627\u0644\u0639\u0627\u0645\u0629 \u0644\u0644\u0625\u0633\u0643\u0627\u0646 \u0627\u0644\u0645\u0647\u0646\u062f\u0633 \u0633\u0647\u064a\u0644 \u0639\u0628\u062f \u0627\u0644\u0644\u0637\u064a\u0641 \u0623\u0646 \u0627\u0644\u0645\u0631\u0633\u0648\u0645 \u0627\u0644\u062a\u0634\u0631\u064a\u0639\u064a \u064a\u0623\u062a\u064a \u0641\u064a \u0625\u0637\u0627\u0631 \u0627\u0644\u062a\u0637\u0648\u064a\u0631 \u0648\u0627\u0644\u062a\u062d\u062f\u064a\u062b \u0644\u0644\u0623\u0637\u0631 \u0627\u0644\u0642\u0627\u0646\u0648\u0646\u064a\u0629 \u0627\u0644\u0646\u0627\u0638\u0645\u0629 \u0644\u0639\u0645\u0644 \u0627\u0644\u0645\u0624\u0633\u0633\u0629 \u0628\u0645\u0627 \u064a\u0646\u0633\u062c\u0645 \u0645\u0639 \u0627\u0644\u0645\u0631\u062d\u0644\u0629 \u0627\u0644\u0645\u0642\u0628\u0644\u0629 \u0644\u0639\u0645\u0644\u0647\u0627 \u0648\u0645\u0635\u0644\u062d\u0629 \u0627\u0644\u0645\u0648\u0627\u0637\u0646\u064a\u0646 \u0648\u0627\u0644\u0645\u0635\u0644\u062d\u0629 \u0627\u0644\u0639\u0627\u0645\u0629.\">El presidente Bashar al-Assad, promulg\u00f3 el Decreto Legislativo No. 26 para el a\u00f1o 2015, el cual regula la labor del Establecimiento General de Vivienda.<\/span><\/span><\/div>\n<div><span lang=\"ES\">\u00a0<\/span><\/div>\n<div><span lang=\"ES\">En una declaraci\u00f3n a la agencia SANA, el Director General del Establecimiento de Vivienda, Suhail Abdul Latif, explic\u00f3 que este decreto legislativo apunta a actualizar y modernizar el marco legal que rige la labor del Establecimiento.<\/span><\/div>\n<div><span lang=\"ES\">\u00a0<\/span><\/div>\n<div><span lang=\"ES\">El Ing. Abdul Latif explic\u00f3 que el nuevo decreto garantiza los derechos de los ciudadanos y cuida m\u00e1s el inter\u00e9s p\u00fablico.<\/span><\/div>\n<div><\/div>\n<div><span style=\"color: #00ccff\">Fady M., Hala B.<\/span><\/div>\n","protected":false},"excerpt":{"rendered":"<p>Damasco, SANA El presidente Bashar al-Assad, promulg\u00f3 el Decreto Legislativo No. 26 para el a\u00f1o 2015, el cual regula la labor del Establecimiento General de Vivienda. \u00a0 En una declaraci\u00f3n a la agencia SANA, el Director General del Establecimiento de Vivienda, Suhail Abdul Latif, explic\u00f3 que este decreto legislativo apunta a actualizar y modernizar el &hellip;<\/p>\n","protected":false},"author":1,"featured_media":24083,"comment_status":"closed","ping_status":"closed","sticky":false,"template":"","format":"standard","meta":{"footnotes":""},"categories":[476],"tags":[5434],"class_list":["post-24082","post","type-post","status-publish","format-standard","has-post-thumbnail","","category-locales","tag-presidente-al-assad-emite-decreto-legislativo-que-regula-la-labor-del-establecimiento-general-de-vivienda"],"_links":{"self":[{"href":"https:\/\/archive.sana.sy\/es\/index.php?rest_route=\/wp\/v2\/posts\/24082"}],"collection":[{"href":"https:\/\/archive.sana.sy\/es\/index.php?rest_route=\/wp\/v2\/posts"}],"about":[{"href":"https:\/\/archive.sana.sy\/es\/index.php?rest_route=\/wp\/v2\/types\/post"}],"author":[{"embeddable":true,"href":"https:\/\/archive.sana.sy\/es\/index.php?rest_route=\/wp\/v2\/users\/1"}],"replies":[{"embeddable":true,"href":"https:\/\/archive.sana.sy\/es\/index.php?rest_route=%2Fwp%2Fv2%2Fcomments&post=24082"}],"version-history":[{"count":0,"href":"https:\/\/archive.sana.sy\/es\/index.php?rest_route=\/wp\/v2\/posts\/24082\/revisions"}],"wp:featuredmedia":[{"embeddable":true,"href":"https:\/\/archive.sana.sy\/es\/index.php?rest_route=\/wp\/v2\/media\/24083"}],"wp:attachment":[{"href":"https:\/\/archive.sana.sy\/es\/index.php?rest_route=%2Fwp%2Fv2%2Fmedia&parent=24082"}],"wp:term":[{"taxonomy":"category","embeddable":true,"href":"https:\/\/archive.sana.sy\/es\/index.php?rest_route=%2Fwp%2Fv2%2Fcategories&post=24082"},{"taxonomy":"post_tag","embeddable":true,"href":"https:\/\/archive.sana.sy\/es\/index.php?rest_route=%2Fwp%2Fv2%2Ftags&post=24082"}],"curies":[{"name":"wp","href":"https:\/\/api.w.org\/{rel}","templated":true}]}}