{"id":24104,"date":"2015-05-28T12:42:37","date_gmt":"2015-05-28T09:42:37","guid":{"rendered":"http:\/\/sana.sy\/es\/?p=24104"},"modified":"2015-05-28T19:43:41","modified_gmt":"2015-05-28T16:43:41","slug":"vicecanciller-irani-la-solucion-de-la-crisis-siria-es-politica","status":"publish","type":"post","link":"https:\/\/archive.sana.sy\/es\/?p=24104","title":{"rendered":"Vicecanciller iran\u00ed: la soluci\u00f3n de la crisis siria es pol\u00edtica"},"content":{"rendered":"<p><span style=\"color: #800000\">Teher\u00e1n, SANA<\/span><\/p>\n<p>El vicecanciller iran\u00ed, Hossein Amir Abdullahia, advirti\u00f3 que lo que se habla de una zona de exclusi\u00f3n a\u00e9rea en Siria ser\u00eda &#8220;una repetici\u00f3n de los errores anteriores&#8221;, ratificando que tal medida no ayudar\u00eda a establecer la seguridad y la estabilidad en la regi\u00f3n.<\/p>\n<p>En declaraciones al margen de la reuni\u00f3n ministerial de la Organizaci\u00f3n de Cooperaci\u00f3n Isl\u00e1mica (OCI) celebrada en Kuwait, Abdullahian exigi\u00f3 que los pa\u00edses vecinos de Siria controlen sus fronteras para impedir la infiltraci\u00f3n de los terroristas en el territorio sirio.<\/p>\n<p>Esto, dijo, es una necesidad parar alcanzar una soluci\u00f3n pol\u00edtica de la crisis en Siria, que es la \u00fanica soluci\u00f3n.<\/p>\n<p>Asimismo enfatiz\u00f3 que si los esfuerzos encaminados a detener el uso del terrorismo en la regi\u00f3n, especialmente en Siria e Irak, no se aceleran, la amenaza del terrorismo alcanzar\u00e1 los pa\u00edses patrocinadores del mismo.<\/p>\n<p>Lynn A.<\/p>\n","protected":false},"excerpt":{"rendered":"<p>Teher\u00e1n, SANA El vicecanciller iran\u00ed, Hossein Amir Abdullahia, advirti\u00f3 que lo que se habla de una zona de exclusi\u00f3n a\u00e9rea en Siria ser\u00eda &#8220;una repetici\u00f3n de los errores anteriores&#8221;, ratificando que tal medida no ayudar\u00eda a establecer la seguridad y la estabilidad en la regi\u00f3n. En declaraciones al margen de la reuni\u00f3n ministerial de la &hellip;<\/p>\n","protected":false},"author":24,"featured_media":6624,"comment_status":"closed","ping_status":"closed","sticky":false,"template":"","format":"standard","meta":{"footnotes":""},"categories":[456,457,576],"tags":[5440],"class_list":["post-24104","post","type-post","status-publish","format-standard","has-post-thumbnail","","category-arabe-internacional-politica","category-noticias-arabe-internacional-politica","category-noticias-politicas","tag-vicecanciller-irani-la-solucion-de-la-crisis-siria-es-politica"],"_links":{"self":[{"href":"https:\/\/archive.sana.sy\/es\/index.php?rest_route=\/wp\/v2\/posts\/24104"}],"collection":[{"href":"https:\/\/archive.sana.sy\/es\/index.php?rest_route=\/wp\/v2\/posts"}],"about":[{"href":"https:\/\/archive.sana.sy\/es\/index.php?rest_route=\/wp\/v2\/types\/post"}],"author":[{"embeddable":true,"href":"https:\/\/archive.sana.sy\/es\/index.php?rest_route=\/wp\/v2\/users\/24"}],"replies":[{"embeddable":true,"href":"https:\/\/archive.sana.sy\/es\/index.php?rest_route=%2Fwp%2Fv2%2Fcomments&post=24104"}],"version-history":[{"count":0,"href":"https:\/\/archive.sana.sy\/es\/index.php?rest_route=\/wp\/v2\/posts\/24104\/revisions"}],"wp:featuredmedia":[{"embeddable":true,"href":"https:\/\/archive.sana.sy\/es\/index.php?rest_route=\/wp\/v2\/media\/6624"}],"wp:attachment":[{"href":"https:\/\/archive.sana.sy\/es\/index.php?rest_route=%2Fwp%2Fv2%2Fmedia&parent=24104"}],"wp:term":[{"taxonomy":"category","embeddable":true,"href":"https:\/\/archive.sana.sy\/es\/index.php?rest_route=%2Fwp%2Fv2%2Fcategories&post=24104"},{"taxonomy":"post_tag","embeddable":true,"href":"https:\/\/archive.sana.sy\/es\/index.php?rest_route=%2Fwp%2Fv2%2Ftags&post=24104"}],"curies":[{"name":"wp","href":"https:\/\/api.w.org\/{rel}","templated":true}]}}