{"id":24113,"date":"2015-05-28T22:27:58","date_gmt":"2015-05-28T19:27:58","guid":{"rendered":"http:\/\/sana.sy\/es\/?p=24113"},"modified":"2015-05-28T23:01:23","modified_gmt":"2015-05-28T20:01:23","slug":"lavrov-las-cuestiones-del-oriente-medio-deben-de-ser-resueltas-por-dialogo","status":"publish","type":"post","link":"https:\/\/archive.sana.sy\/es\/?p=24113","title":{"rendered":"Lavrov: Las cuestiones del Oriente Medio deben de ser resueltas por di\u00e1logo"},"content":{"rendered":"<p>Mosc\u00fa-SANA<\/p>\n<p>El Ministro de Exteriores de Rusia ha destacado hoy que las cuestiones del Oriente Medio deban de ser resueltas a trav\u00e9s del di\u00e1logo nacional, agregando que la organizaci\u00f3n terrorista del DAESH representa\u00a0una amenaza para la seguridad y estabilidad de la regi\u00f3n de Oriente Medio y del mundo entero, por tanto hay que dedicar m\u00e1s esfuerzos en la lucha contra el terrorismo.<\/p>\n<p>En una conferencia de prensa celebrada junto con su hom\u00f3logo emirato en Mosc\u00fa, Lavrov dijo que su pa\u00eds trabaja para solventar las crisis de la regi\u00f3n, incluida la crisis siria, tomando en cuenta\u00a0que los pueblos son\u00a0los que determinan el futuro de sus pa\u00edses y que se debe celebrar dialogos nacionales donde participan todos las fuerzas.<\/p>\n<p>\u00a8Existe un acercamiento notable entre los puntos de vistas de Rusia y EEUU, especialmente despu\u00e9s de que este \u00faltimo anunciara la necesidad de encontrar una soluci\u00f3n a la crisis de Siria conforme con la declaraci\u00f3n de Ginebra emitida en el a\u00f1o 2012\u00a8, dijo, afirmando al mismo que Rusia no est\u00e1 de acuerdo que EEUU contin\u00fae apoyando y fortaleciendo la \u00a8Oposici\u00f3n armada\u00a8.<\/p>\n<p>\u00a8Hemos visto como los combatientes de la \u00a8Oposici\u00f3n siria moderada\u00a8, que fueron armados por los EEUU, terminaron uni\u00e9ndose a las filas de los terroristas\u00a8, subray\u00f3.<\/p>\n<p>Yamil K.<\/p>\n","protected":false},"excerpt":{"rendered":"<p>Mosc\u00fa-SANA El Ministro de Exteriores de Rusia ha destacado hoy que las cuestiones del Oriente Medio deban de ser resueltas a trav\u00e9s del di\u00e1logo nacional, agregando que la organizaci\u00f3n terrorista del DAESH representa\u00a0una amenaza para la seguridad y estabilidad de la regi\u00f3n de Oriente Medio y del mundo entero, por tanto hay que dedicar m\u00e1s &hellip;<\/p>\n","protected":false},"author":1,"featured_media":24114,"comment_status":"closed","ping_status":"closed","sticky":false,"template":"","format":"standard","meta":{"footnotes":""},"categories":[456,457,576],"tags":[],"class_list":["post-24113","post","type-post","status-publish","format-standard","has-post-thumbnail","","category-arabe-internacional-politica","category-noticias-arabe-internacional-politica","category-noticias-politicas"],"_links":{"self":[{"href":"https:\/\/archive.sana.sy\/es\/index.php?rest_route=\/wp\/v2\/posts\/24113"}],"collection":[{"href":"https:\/\/archive.sana.sy\/es\/index.php?rest_route=\/wp\/v2\/posts"}],"about":[{"href":"https:\/\/archive.sana.sy\/es\/index.php?rest_route=\/wp\/v2\/types\/post"}],"author":[{"embeddable":true,"href":"https:\/\/archive.sana.sy\/es\/index.php?rest_route=\/wp\/v2\/users\/1"}],"replies":[{"embeddable":true,"href":"https:\/\/archive.sana.sy\/es\/index.php?rest_route=%2Fwp%2Fv2%2Fcomments&post=24113"}],"version-history":[{"count":0,"href":"https:\/\/archive.sana.sy\/es\/index.php?rest_route=\/wp\/v2\/posts\/24113\/revisions"}],"wp:featuredmedia":[{"embeddable":true,"href":"https:\/\/archive.sana.sy\/es\/index.php?rest_route=\/wp\/v2\/media\/24114"}],"wp:attachment":[{"href":"https:\/\/archive.sana.sy\/es\/index.php?rest_route=%2Fwp%2Fv2%2Fmedia&parent=24113"}],"wp:term":[{"taxonomy":"category","embeddable":true,"href":"https:\/\/archive.sana.sy\/es\/index.php?rest_route=%2Fwp%2Fv2%2Fcategories&post=24113"},{"taxonomy":"post_tag","embeddable":true,"href":"https:\/\/archive.sana.sy\/es\/index.php?rest_route=%2Fwp%2Fv2%2Ftags&post=24113"}],"curies":[{"name":"wp","href":"https:\/\/api.w.org\/{rel}","templated":true}]}}