{"id":241390,"date":"2022-07-01T21:56:52","date_gmt":"2022-07-01T18:56:52","guid":{"rendered":"http:\/\/107.6.182.27\/es\/?p=241390"},"modified":"2023-01-10T15:56:43","modified_gmt":"2023-01-10T13:56:43","slug":"la-inflacion-en-europa-alcanza-nivel-record","status":"publish","type":"post","link":"https:\/\/archive.sana.sy\/es\/?p=241390","title":{"rendered":"La inflaci\u00f3n en Europa alcanza nivel r\u00e9cord"},"content":{"rendered":"<p style=\"text-align: justify;\"><span style=\"color: #800000;\"><strong>Bruselas, 1 jul (SANA)<\/strong><\/span>\u00a0 \u00a0La inflaci\u00f3n en Europa alcanz\u00f3 un nuevo r\u00e9cord el mes pasado de junio en medio de temores de un fuerte aumento en los precios de los alimentos y la energ\u00eda.<\/p>\n<p style=\"text-align: justify;\">La Agence France-Presse cit\u00f3 a la Oficina Europea de Estad\u00edstica &#8220;Eurostat&#8221; diciendo que la tasa de inflaci\u00f3n en los 19 pa\u00edses de la zona del Euro alcanz\u00f3 el 8.6 por ciento en junio pasado, a un ritmo anual, despu\u00e9s de registrar un 7.4 por ciento en abril pasado y un 8.1 por ciento en mayo pasado.<\/p>\n<p style=\"text-align: justify;\">Agreg\u00f3 que es la cifra m\u00e1s alta registrada por \u201cEurostat\u201d desde que comenz\u00f3 el \u00edndice en enero de 1997.<\/p>\n<p style=\"text-align: justify;\">Philip Wechter, jefe de econom\u00eda de Ostrom Asset Management, confirm\u00f3 que los europeos est\u00e1n sufriendo el aumento de los precios de los cereales y los aceites utilizados en los productos manufacturados.<\/p>\n<p style=\"text-align: justify;\">La inflaci\u00f3n sigue afectando principalmente al sector energ\u00e9tico, incluyendo electricidad, petr\u00f3leo, gas y otros.<\/p>\n<p style=\"text-align: justify;\">fm\/rr<\/p>\n","protected":false},"excerpt":{"rendered":"<p>Bruselas, 1 jul (SANA)\u00a0 \u00a0La inflaci\u00f3n en Europa alcanz\u00f3 un nuevo r\u00e9cord el mes pasado de junio en medio de temores de un fuerte aumento en los precios de los alimentos y la energ\u00eda. La Agence France-Presse cit\u00f3 a la Oficina Europea de Estad\u00edstica &#8220;Eurostat&#8221; diciendo que la tasa de inflaci\u00f3n en los 19 pa\u00edses &hellip;<\/p>\n","protected":false},"author":31,"featured_media":241391,"comment_status":"closed","ping_status":"closed","sticky":false,"template":"","format":"standard","meta":{"footnotes":""},"categories":[456],"tags":[],"class_list":["post-241390","post","type-post","status-publish","format-standard","has-post-thumbnail","","category-arabe-internacional-politica"],"_links":{"self":[{"href":"https:\/\/archive.sana.sy\/es\/index.php?rest_route=\/wp\/v2\/posts\/241390"}],"collection":[{"href":"https:\/\/archive.sana.sy\/es\/index.php?rest_route=\/wp\/v2\/posts"}],"about":[{"href":"https:\/\/archive.sana.sy\/es\/index.php?rest_route=\/wp\/v2\/types\/post"}],"author":[{"embeddable":true,"href":"https:\/\/archive.sana.sy\/es\/index.php?rest_route=\/wp\/v2\/users\/31"}],"replies":[{"embeddable":true,"href":"https:\/\/archive.sana.sy\/es\/index.php?rest_route=%2Fwp%2Fv2%2Fcomments&post=241390"}],"version-history":[{"count":0,"href":"https:\/\/archive.sana.sy\/es\/index.php?rest_route=\/wp\/v2\/posts\/241390\/revisions"}],"wp:featuredmedia":[{"embeddable":true,"href":"https:\/\/archive.sana.sy\/es\/index.php?rest_route=\/wp\/v2\/media\/241391"}],"wp:attachment":[{"href":"https:\/\/archive.sana.sy\/es\/index.php?rest_route=%2Fwp%2Fv2%2Fmedia&parent=241390"}],"wp:term":[{"taxonomy":"category","embeddable":true,"href":"https:\/\/archive.sana.sy\/es\/index.php?rest_route=%2Fwp%2Fv2%2Fcategories&post=241390"},{"taxonomy":"post_tag","embeddable":true,"href":"https:\/\/archive.sana.sy\/es\/index.php?rest_route=%2Fwp%2Fv2%2Ftags&post=241390"}],"curies":[{"name":"wp","href":"https:\/\/api.w.org\/{rel}","templated":true}]}}