{"id":24143,"date":"2015-05-29T20:14:04","date_gmt":"2015-05-29T17:14:04","guid":{"rendered":"http:\/\/sana.sy\/es\/?p=24143"},"modified":"2015-05-29T20:14:04","modified_gmt":"2015-05-29T17:14:04","slug":"el-ejercito-iraqui-lanza-nuevas-operaciones-militares-contra-daesh","status":"publish","type":"post","link":"https:\/\/archive.sana.sy\/es\/?p=24143","title":{"rendered":"El ej\u00e9rcito iraqu\u00ed lanza nuevas operaciones militares contra \u201cDaesh\u201d"},"content":{"rendered":"<p><span style=\"color: #800000\">Bagdad-SANA<\/span><\/p>\n<p style=\"text-align: justify\">El portavoz del comando de las operaciones de Bagdad dijo que los operativos militares que tuvieron lugar en la mencionada provincia terminaron con la muerte de decenas de terroristas y la destrucci\u00f3n de 13 veh\u00edculos y varios refugios de la organizaci\u00f3n terrorista de Daesh, adem\u00e1s de desactivar a 155 artefactos explosivos.<\/p>\n<p style=\"text-align: justify\">Cabe se\u00f1alar que las fuerzas iraqu\u00edes libran una amplia campa\u00f1a militar para despojar a la provincia de al- Anbar de los elementos del DAESH.<\/p>\n<p style=\"text-align: justify\">Entretanto en la capital Bagdad, al menos 10 personas perdieron la vida y m\u00e1s de 30 resultaron heridas como consecuencia de dos atentados terroristas con coches minados acaecidos cerca de dos hoteles, seg\u00fan ha informado la polic\u00eda iraqu\u00ed.<\/p>\n<p style=\"text-align: justify\">M.Miri<\/p>\n","protected":false},"excerpt":{"rendered":"<p>Bagdad-SANA El portavoz del comando de las operaciones de Bagdad dijo que los operativos militares que tuvieron lugar en la mencionada provincia terminaron con la muerte de decenas de terroristas y la destrucci\u00f3n de 13 veh\u00edculos y varios refugios de la organizaci\u00f3n terrorista de Daesh, adem\u00e1s de desactivar a 155 artefactos explosivos. Cabe se\u00f1alar que &hellip;<\/p>\n","protected":false},"author":1,"featured_media":24144,"comment_status":"closed","ping_status":"closed","sticky":false,"template":"","format":"standard","meta":{"footnotes":""},"categories":[456,457,576],"tags":[5449],"class_list":["post-24143","post","type-post","status-publish","format-standard","has-post-thumbnail","","category-arabe-internacional-politica","category-noticias-arabe-internacional-politica","category-noticias-politicas","tag-el-ejercito-iraqui-lanza-nuevas-operaciones-militares-contra-daesh"],"_links":{"self":[{"href":"https:\/\/archive.sana.sy\/es\/index.php?rest_route=\/wp\/v2\/posts\/24143"}],"collection":[{"href":"https:\/\/archive.sana.sy\/es\/index.php?rest_route=\/wp\/v2\/posts"}],"about":[{"href":"https:\/\/archive.sana.sy\/es\/index.php?rest_route=\/wp\/v2\/types\/post"}],"author":[{"embeddable":true,"href":"https:\/\/archive.sana.sy\/es\/index.php?rest_route=\/wp\/v2\/users\/1"}],"replies":[{"embeddable":true,"href":"https:\/\/archive.sana.sy\/es\/index.php?rest_route=%2Fwp%2Fv2%2Fcomments&post=24143"}],"version-history":[{"count":0,"href":"https:\/\/archive.sana.sy\/es\/index.php?rest_route=\/wp\/v2\/posts\/24143\/revisions"}],"wp:featuredmedia":[{"embeddable":true,"href":"https:\/\/archive.sana.sy\/es\/index.php?rest_route=\/wp\/v2\/media\/24144"}],"wp:attachment":[{"href":"https:\/\/archive.sana.sy\/es\/index.php?rest_route=%2Fwp%2Fv2%2Fmedia&parent=24143"}],"wp:term":[{"taxonomy":"category","embeddable":true,"href":"https:\/\/archive.sana.sy\/es\/index.php?rest_route=%2Fwp%2Fv2%2Fcategories&post=24143"},{"taxonomy":"post_tag","embeddable":true,"href":"https:\/\/archive.sana.sy\/es\/index.php?rest_route=%2Fwp%2Fv2%2Ftags&post=24143"}],"curies":[{"name":"wp","href":"https:\/\/api.w.org\/{rel}","templated":true}]}}