{"id":241534,"date":"2022-07-02T19:47:54","date_gmt":"2022-07-02T16:47:54","guid":{"rendered":"http:\/\/107.6.182.27\/es\/?p=241534"},"modified":"2022-07-02T19:49:56","modified_gmt":"2022-07-02T16:49:56","slug":"el-presidente-al-assad-recibe-a-abdollahian-y-describa-las-relaciones-sirio-iranies-de-una-alianza-de-voluntad","status":"publish","type":"post","link":"https:\/\/archive.sana.sy\/es\/?p=241534","title":{"rendered":"El presidente al-Assad recibe a Abdollahian y describe las relaciones sirio-iran\u00edes de una \u201calianza de voluntad\u201d"},"content":{"rendered":"<blockquote>\n<p style=\"text-align: justify;\"><strong><span style=\"color: #ff0000;\">El mandatario sirio dej\u00f3 en claro que las alegaciones turcas para justificar su agresi\u00f3n contra territorio sirio son falsas y enga\u00f1osas y no tienen nada que ver con la realidad, y violan las disposiciones de la Carta de las Naciones Unidas, los principios del derecho internacional y los lazos de buena vecindad que deber\u00edan unir a los dos pa\u00edses.<\/span><\/strong><\/p>\n<\/blockquote>\n<p style=\"text-align: justify;\"><span style=\"color: #800000;\"><strong>Damasco, 2 jul (SANA)<\/strong><\/span> El presidente Bashar al-Assad, describi\u00f3 hoy las relaciones entre Siria e Ir\u00e1n de una \u201calianza de voluntad\u201d frente a los empe\u00f1os occidentales por dominar el mundo.<\/p>\n<p style=\"text-align: justify;\">Durante su recibimiento al ministro de Relaciones Exteriores de Ir\u00e1n, Hussein Amir Abdollahian, al-Assad dijo que las relaciones sirio-iran\u00edes se han consolidado durante d\u00e9cadas.<\/p>\n<p style=\"text-align: justify;\">Las conversaciones sostenidas, seg\u00fan afirma una nota de prensa de la presidencia siria, trataron sobre relaciones bilaterales, los desaf\u00edos comunes y la estrecha cooperaci\u00f3n que une a Siria e Ir\u00e1n en varios campos.<\/p>\n<p style=\"text-align: justify;\">El ministro Abdullahian dijo que la reciente visita del presidente al-Assad a Teher\u00e1n marc\u00f3 una nueva etapa y un importante punto de inflexi\u00f3n, y tuvo profundos impactos en los nexos entre los dos pa\u00edses.<\/p>\n<p style=\"text-align: justify;\">Asimismo, el mandatario sirio y el canciller iran\u00ed intercambiaron sobre los desarrollos en Siria. En este sentido, Abdullahian dijo que las agresiones israel\u00edes constituyen uno de los aspectos de la guerra terrorista contra Siria y buscan desestabilizar a esta naci\u00f3n.<\/p>\n<p style=\"text-align: justify;\">Reiter\u00f3 la firme posici\u00f3n de su pa\u00eds de apoyo a la soberan\u00eda e integridad territorial de Siria, y su rechazo a cualquier acci\u00f3n militar contra territorio sirio.<\/p>\n<p style=\"text-align: justify;\">Las dos partes discutieron tambi\u00e9n las pol\u00edticas de Ankara y sus amenazas de lanzar una nueva agresi\u00f3n contra Siria. Al respecto, el presidente consider\u00f3 que el r\u00e9gimen turco agrede el territorio sirio cada vez que el ej\u00e9rcito sirio avanza contra las organizaciones terroristas.<\/p>\n<p style=\"text-align: justify;\">Dej\u00f3 en claro que las alegaciones turcas para justificar su agresi\u00f3n contra territorio sirio son falsas y enga\u00f1osas y no tienen nada que ver con la realidad, y violan las disposiciones de la Carta de las Naciones Unidas, los principios del derecho internacional y los lazos de buena vecindad que deber\u00edan unir a los dos pa\u00edses.<\/p>\n<p style=\"text-align: justify;\">El presidente al-Assad consider\u00f3 que la guerra en Ucrania desenmascar\u00f3 a Occidente y revel\u00f3 sus mentiras y se\u00f1al\u00f3 que las p\u00e9rdidas pol\u00edticas de Occidente constituyen el comienzo de un nuevo equilibrio mundial que beneficia a Siria, Ir\u00e1n y todos los pa\u00edses y pueblos que defienden sus principios, derechos y la soberan\u00eda de su decisi\u00f3n.<\/p>\n<p style=\"text-align: justify;\">A su vez, Abdullahian inform\u00f3 al presidente al-Assad sobre las conversaciones que tuvieron lugar al margen de la cumbre del Mar Caspio la semana pasada y los \u00faltimos desarrollos en las negociaciones en curso sobre el expediente.<\/p>\n<p style=\"text-align: justify;\">fm\/sm<\/p>\n","protected":false},"excerpt":{"rendered":"<p>El mandatario sirio dej\u00f3 en claro que las alegaciones turcas para justificar su agresi\u00f3n contra territorio sirio son falsas y enga\u00f1osas y no tienen nada que ver con la realidad, y violan las disposiciones de la Carta de las Naciones Unidas, los principios del derecho internacional y los lazos de buena vecindad que deber\u00edan unir &hellip;<\/p>\n","protected":false},"author":39,"featured_media":241535,"comment_status":"closed","ping_status":"closed","sticky":false,"template":"","format":"standard","meta":{"footnotes":""},"categories":[597,16237,583,626],"tags":[],"class_list":["post-241534","post","type-post","status-publish","format-standard","has-post-thumbnail","","category-cinta-de-noticias","category-presidence-de-la-republique-arabe-syria","category-slide","category-sr-presidente"],"_links":{"self":[{"href":"https:\/\/archive.sana.sy\/es\/index.php?rest_route=\/wp\/v2\/posts\/241534"}],"collection":[{"href":"https:\/\/archive.sana.sy\/es\/index.php?rest_route=\/wp\/v2\/posts"}],"about":[{"href":"https:\/\/archive.sana.sy\/es\/index.php?rest_route=\/wp\/v2\/types\/post"}],"author":[{"embeddable":true,"href":"https:\/\/archive.sana.sy\/es\/index.php?rest_route=\/wp\/v2\/users\/39"}],"replies":[{"embeddable":true,"href":"https:\/\/archive.sana.sy\/es\/index.php?rest_route=%2Fwp%2Fv2%2Fcomments&post=241534"}],"version-history":[{"count":0,"href":"https:\/\/archive.sana.sy\/es\/index.php?rest_route=\/wp\/v2\/posts\/241534\/revisions"}],"wp:featuredmedia":[{"embeddable":true,"href":"https:\/\/archive.sana.sy\/es\/index.php?rest_route=\/wp\/v2\/media\/241535"}],"wp:attachment":[{"href":"https:\/\/archive.sana.sy\/es\/index.php?rest_route=%2Fwp%2Fv2%2Fmedia&parent=241534"}],"wp:term":[{"taxonomy":"category","embeddable":true,"href":"https:\/\/archive.sana.sy\/es\/index.php?rest_route=%2Fwp%2Fv2%2Fcategories&post=241534"},{"taxonomy":"post_tag","embeddable":true,"href":"https:\/\/archive.sana.sy\/es\/index.php?rest_route=%2Fwp%2Fv2%2Ftags&post=241534"}],"curies":[{"name":"wp","href":"https:\/\/api.w.org\/{rel}","templated":true}]}}