{"id":241540,"date":"2022-07-02T21:10:04","date_gmt":"2022-07-02T18:10:04","guid":{"rendered":"http:\/\/107.6.182.27\/es\/?p=241540"},"modified":"2022-07-02T21:10:04","modified_gmt":"2022-07-02T18:10:04","slug":"siria-participa-en-la-conferencia-de-la-red-parlamentaria-del-movimiento-de-paises-no-alineados","status":"publish","type":"post","link":"https:\/\/archive.sana.sy\/es\/?p=241540","title":{"rendered":"Siria participa en la Conferencia de la Red Parlamentaria del Movimiento de Pa\u00edses No Alineados"},"content":{"rendered":"<p style=\"text-align: justify;\"><span style=\"color: #800000;\"><strong>Azerbaiy\u00e1n, 02 jun (SANA)\u00a0<\/strong> <\/span>\u00a0Una delegaci\u00f3n parlamentaria siria particip\u00f3 en la Conferencia de la Red Parlamentaria del Movimiento de Pa\u00edses No Alineados, que se llev\u00f3 a cabo en (Bak\u00fa, Azerbaiy\u00e1n) bajo el t\u00edtulo (Apoyo al papel de los parlamentos nacionales en la promoci\u00f3n de la paz mundial y el desarrollo sostenible).<\/p>\n<p style=\"text-align: justify;\"><img loading=\"lazy\" decoding=\"async\" class=\"size-medium wp-image-241542 alignright\" src=\"http:\/\/107.6.182.27\/es\/wp-content\/uploads\/2022\/07\/photo_2022-07-02_18-54-09-300x150.jpg\" alt=\"\" width=\"300\" height=\"150\" srcset=\"https:\/\/archive.sana.sy\/es\/wp-content\/uploads\/2022\/07\/photo_2022-07-02_18-54-09-300x150.jpg 300w, https:\/\/archive.sana.sy\/es\/wp-content\/uploads\/2022\/07\/photo_2022-07-02_18-54-09-150x75.jpg 150w, https:\/\/archive.sana.sy\/es\/wp-content\/uploads\/2022\/07\/photo_2022-07-02_18-54-09.jpg 660w\" sizes=\"(max-width: 300px) 100vw, 300px\" \/><\/p>\n<p style=\"text-align: justify;\">En un discurso ante el congreso, el jefe de la delegaci\u00f3n siria, Faisal Azzouz, afirm\u00f3 que Siria es un pa\u00eds fundador en el Movimiento de Pa\u00edses No Alineados, y que Damasco cree en los principios del Movimiento y sus ideas, y que siempre est\u00e1 trabajando para fortalecer su papel en las relaciones internacionales respetando la privacidad de los dem\u00e1s, sin embargo, el pa\u00eds \u00e1rabe est\u00e1 expuesto desde hace m\u00e1s de once a\u00f1os a una guerra que apunt\u00f3 contra su estabilidad y su veterana historia.<\/p>\n<p style=\"text-align: justify;\">Indic\u00f3 que grupos terroristas extremistas respaldados por las principales potencias internacionales causaron estragos y sabotearon el gran patrimonio humano de Siria y quer\u00edan socavar su integridad y trabajaron para robar su riqueza y destruir su infraestructura.<\/p>\n<p style=\"text-align: justify;\">Asimismo, llam\u00f3 a los pa\u00edses no alineados que apoyen el enfoque de la estabilidad y la integridad territorial de Siria.<\/p>\n<p style=\"text-align: justify;\">Destac\u00f3 que las pr\u00e1cticas llevadas a cabo por las ocupaciones de Estados Unidos y Turqu\u00eda de partes del territorio sirio son ilegales y violan la Carta de la ONU y los derechos humanos.<\/p>\n<p style=\"text-align: justify;\">Adem\u00e1s, explic\u00f3 lo que enfrenta Siria a nivel humanitario debido a las medidas econ\u00f3micas coercitivas unilaterales y sus repercusiones en el pueblo sirio.<\/p>\n<p style=\"text-align: justify;\">Al margen de la conferencia, la delegaci\u00f3n siria tuvo encuentros con delegaciones de varios pa\u00edses \u00e1rabes, incluidos Irak, Libia, Argelia, Egipto, Bahr\u00e9in y Palestina.<\/p>\n<p style=\"text-align: justify;\">sm<\/p>\n","protected":false},"excerpt":{"rendered":"<p>Azerbaiy\u00e1n, 02 jun (SANA)\u00a0 \u00a0Una delegaci\u00f3n parlamentaria siria particip\u00f3 en la Conferencia de la Red Parlamentaria del Movimiento de Pa\u00edses No Alineados, que se llev\u00f3 a cabo en (Bak\u00fa, Azerbaiy\u00e1n) bajo el t\u00edtulo (Apoyo al papel de los parlamentos nacionales en la promoci\u00f3n de la paz mundial y el desarrollo sostenible). En un discurso ante &hellip;<\/p>\n","protected":false},"author":39,"featured_media":241541,"comment_status":"closed","ping_status":"closed","sticky":false,"template":"","format":"standard","meta":{"footnotes":""},"categories":[597,467,7541],"tags":[],"class_list":["post-241540","post","type-post","status-publish","format-standard","has-post-thumbnail","","category-cinta-de-noticias","category-siria-y-el-mundo","category-ultimas-noticias"],"_links":{"self":[{"href":"https:\/\/archive.sana.sy\/es\/index.php?rest_route=\/wp\/v2\/posts\/241540"}],"collection":[{"href":"https:\/\/archive.sana.sy\/es\/index.php?rest_route=\/wp\/v2\/posts"}],"about":[{"href":"https:\/\/archive.sana.sy\/es\/index.php?rest_route=\/wp\/v2\/types\/post"}],"author":[{"embeddable":true,"href":"https:\/\/archive.sana.sy\/es\/index.php?rest_route=\/wp\/v2\/users\/39"}],"replies":[{"embeddable":true,"href":"https:\/\/archive.sana.sy\/es\/index.php?rest_route=%2Fwp%2Fv2%2Fcomments&post=241540"}],"version-history":[{"count":0,"href":"https:\/\/archive.sana.sy\/es\/index.php?rest_route=\/wp\/v2\/posts\/241540\/revisions"}],"wp:featuredmedia":[{"embeddable":true,"href":"https:\/\/archive.sana.sy\/es\/index.php?rest_route=\/wp\/v2\/media\/241541"}],"wp:attachment":[{"href":"https:\/\/archive.sana.sy\/es\/index.php?rest_route=%2Fwp%2Fv2%2Fmedia&parent=241540"}],"wp:term":[{"taxonomy":"category","embeddable":true,"href":"https:\/\/archive.sana.sy\/es\/index.php?rest_route=%2Fwp%2Fv2%2Fcategories&post=241540"},{"taxonomy":"post_tag","embeddable":true,"href":"https:\/\/archive.sana.sy\/es\/index.php?rest_route=%2Fwp%2Fv2%2Ftags&post=241540"}],"curies":[{"name":"wp","href":"https:\/\/api.w.org\/{rel}","templated":true}]}}