{"id":241544,"date":"2022-07-02T21:17:56","date_gmt":"2022-07-02T18:17:56","guid":{"rendered":"http:\/\/107.6.182.27\/es\/?p=241544"},"modified":"2023-01-10T15:56:41","modified_gmt":"2023-01-10T13:56:41","slug":"fuerzas-rusas-toman-el-control-de-la-ciudad-de-lisichansk","status":"publish","type":"post","link":"https:\/\/archive.sana.sy\/es\/?p=241544","title":{"rendered":"Fuerzas rusas toman el control de la ciudad de Lisichansk"},"content":{"rendered":"<p style=\"text-align: justify;\"><span style=\"color: #800000;\"><strong>Mosc\u00fa, 02 jul (SANA)<\/strong> <\/span>El presidente de la Rep\u00fablica Rusa de Chechenia, Ramz\u00e1n Kad\u00edrov, anunci\u00f3 que los militares de Rusia y de la Rep\u00fablica Popular de Lugansk (RPL) ya se encuentran en el centro de la ciudad de Lisichansk.<\/p>\n<p style=\"text-align: justify;\">&#8220;En la localidad de Lisichansk, todav\u00eda hay focos locales de resistencia (&#8230;). Esta resistencia ya es insignificante, ya que las unidades (de las tropas ucranianas) han perdido completamente su capacidad de combate y han perdido completamente el control&#8221;, inform\u00f3 a Sputnik el portavoz del Milicia Popular de Lugansk, Andr\u00e9i Marochko.<\/p>\n<p style=\"text-align: justify;\">La v\u00edspera el embajador de la RPL en Mosc\u00fa, Rodi\u00f3n Mir\u00f3shnik, inform\u00f3 que las fuerzas prorrusas tomaron el control de la refiner\u00eda de petr\u00f3leo de Lisichansk, la m\u00e1s importante de Ucrania.<\/p>\n<p style=\"text-align: justify;\">sm\/fm<\/p>\n","protected":false},"excerpt":{"rendered":"<p>Mosc\u00fa, 02 jul (SANA) El presidente de la Rep\u00fablica Rusa de Chechenia, Ramz\u00e1n Kad\u00edrov, anunci\u00f3 que los militares de Rusia y de la Rep\u00fablica Popular de Lugansk (RPL) ya se encuentran en el centro de la ciudad de Lisichansk. &#8220;En la localidad de Lisichansk, todav\u00eda hay focos locales de resistencia (&#8230;). Esta resistencia ya es &hellip;<\/p>\n","protected":false},"author":39,"featured_media":241545,"comment_status":"closed","ping_status":"closed","sticky":false,"template":"","format":"standard","meta":{"footnotes":""},"categories":[597,456,7541],"tags":[],"class_list":["post-241544","post","type-post","status-publish","format-standard","has-post-thumbnail","","category-cinta-de-noticias","category-arabe-internacional-politica","category-ultimas-noticias"],"_links":{"self":[{"href":"https:\/\/archive.sana.sy\/es\/index.php?rest_route=\/wp\/v2\/posts\/241544"}],"collection":[{"href":"https:\/\/archive.sana.sy\/es\/index.php?rest_route=\/wp\/v2\/posts"}],"about":[{"href":"https:\/\/archive.sana.sy\/es\/index.php?rest_route=\/wp\/v2\/types\/post"}],"author":[{"embeddable":true,"href":"https:\/\/archive.sana.sy\/es\/index.php?rest_route=\/wp\/v2\/users\/39"}],"replies":[{"embeddable":true,"href":"https:\/\/archive.sana.sy\/es\/index.php?rest_route=%2Fwp%2Fv2%2Fcomments&post=241544"}],"version-history":[{"count":0,"href":"https:\/\/archive.sana.sy\/es\/index.php?rest_route=\/wp\/v2\/posts\/241544\/revisions"}],"wp:featuredmedia":[{"embeddable":true,"href":"https:\/\/archive.sana.sy\/es\/index.php?rest_route=\/wp\/v2\/media\/241545"}],"wp:attachment":[{"href":"https:\/\/archive.sana.sy\/es\/index.php?rest_route=%2Fwp%2Fv2%2Fmedia&parent=241544"}],"wp:term":[{"taxonomy":"category","embeddable":true,"href":"https:\/\/archive.sana.sy\/es\/index.php?rest_route=%2Fwp%2Fv2%2Fcategories&post=241544"},{"taxonomy":"post_tag","embeddable":true,"href":"https:\/\/archive.sana.sy\/es\/index.php?rest_route=%2Fwp%2Fv2%2Ftags&post=241544"}],"curies":[{"name":"wp","href":"https:\/\/api.w.org\/{rel}","templated":true}]}}