{"id":24158,"date":"2015-05-30T12:59:12","date_gmt":"2015-05-30T09:59:12","guid":{"rendered":"http:\/\/sana.sy\/es\/?p=24158"},"modified":"2015-05-30T12:59:44","modified_gmt":"2015-05-30T09:59:44","slug":"miqdad-turquia-apoyo-a-los-terroristas-del-frente-al-nousra-en-idleb-y-jesser-al-shugur","status":"publish","type":"post","link":"https:\/\/archive.sana.sy\/es\/?p=24158","title":{"rendered":"Miqdad: Turqu\u00eda apoy\u00f3 a los terroristas del Frente al-Nousra en Idleb y Jesser al-Shugur"},"content":{"rendered":"<p><span style=\"color: #800000\">Beirut, SANA<\/span><\/p>\n<p>El Viceministro de Exteriores y Emigrantes, Dr. Faisal al-Miqdad, afirm\u00f3 que el presidente del r\u00e9gimen turco, Recep Tayyip Erdogan, ya no cuenta con ning\u00fan respeto regional o internacional.<\/p>\n<p>En un art\u00edculo publicado en el peri\u00f3dico liban\u00e9s \u201cal-Binaa\u201d en su edici\u00f3n de este s\u00e1bado, al-Miqdad dijo que &#8220;uno de los esc\u00e1ndalos en el comportamiento de los funcionarios del r\u00e9gimen de Erdogan y su partido, es la mentira, el enga\u00f1o y el explotaci\u00f3n de su autoridad para la aplicaci\u00f3n de pol\u00edticas vergonzosas, destacando que los \u00f3rganos del r\u00e9gimen turco arrestan a todos aquellos que no est\u00e1n de acuerdo con sus opiniones.<\/p>\n<p>Asimismo, a\u00f1adi\u00f3 que &#8220;ya no hay ning\u00fan impacto o efecto de las pol\u00edticas y las posturas lanzadas por Erdogan en sus discursos dentro y fuera de Turqu\u00eda, sea en el plano internacional, regional o hasta a nivel nacional&#8221;, se\u00f1alando que el que era amigo de Turqu\u00eda se convirti\u00f3 en un enemigo en opini\u00f3n de Erdogan.<\/p>\n<p>El alto diplom\u00e1tico sirio indic\u00f3 que Erdogan alega estar alado de los sirios con el fin de efectuar &#8220;reforma y democracia&#8221;, pero \u00e9l siempre exig\u00eda al liderazgo en Siria otorgar &#8220;la Hermandad Musulmana&#8221; un papel que va en contra de la voluntad del pueblo sirio que cree en la igualdad entre todos los espectros y componentes del pueblo sirio.<\/p>\n<p>Tambi\u00e9n, revel\u00f3 las verdaderas intenciones de Erdogan al apoyar desde los primeros d\u00edas a los terroristas, los mercenarios y los asesinos, y acoger a los l\u00edderes de estos terroristas en Estambul y Ankara.<\/p>\n<p>Al-Miqdad concluy\u00f3 que Turqu\u00eda ofreci\u00f3 una cubertura y apoyo con armas de fuego a los terroristas del Frente al-Nousra durante sus ataques contra las ciudades de Idleb y Jesser al-Shugur.<\/p>\n<p>&nbsp;<br \/>\nFady M., Lynn A.<\/p>\n","protected":false},"excerpt":{"rendered":"<p>Beirut, SANA El Viceministro de Exteriores y Emigrantes, Dr. Faisal al-Miqdad, afirm\u00f3 que el presidente del r\u00e9gimen turco, Recep Tayyip Erdogan, ya no cuenta con ning\u00fan respeto regional o internacional. En un art\u00edculo publicado en el peri\u00f3dico liban\u00e9s \u201cal-Binaa\u201d en su edici\u00f3n de este s\u00e1bado, al-Miqdad dijo que &#8220;uno de los esc\u00e1ndalos en el comportamiento &hellip;<\/p>\n","protected":false},"author":24,"featured_media":10694,"comment_status":"closed","ping_status":"closed","sticky":false,"template":"","format":"standard","meta":{"footnotes":""},"categories":[555,597,576],"tags":[5455],"class_list":["post-24158","post","type-post","status-publish","format-standard","has-post-thumbnail","","category-prensa","category-cinta-de-noticias","category-noticias-politicas","tag-miqdad-turquia-apoyo-a-los-terroristas-del-frente-al-nousra-en-idleb-y-jesser-al-shugur"],"_links":{"self":[{"href":"https:\/\/archive.sana.sy\/es\/index.php?rest_route=\/wp\/v2\/posts\/24158"}],"collection":[{"href":"https:\/\/archive.sana.sy\/es\/index.php?rest_route=\/wp\/v2\/posts"}],"about":[{"href":"https:\/\/archive.sana.sy\/es\/index.php?rest_route=\/wp\/v2\/types\/post"}],"author":[{"embeddable":true,"href":"https:\/\/archive.sana.sy\/es\/index.php?rest_route=\/wp\/v2\/users\/24"}],"replies":[{"embeddable":true,"href":"https:\/\/archive.sana.sy\/es\/index.php?rest_route=%2Fwp%2Fv2%2Fcomments&post=24158"}],"version-history":[{"count":0,"href":"https:\/\/archive.sana.sy\/es\/index.php?rest_route=\/wp\/v2\/posts\/24158\/revisions"}],"wp:featuredmedia":[{"embeddable":true,"href":"https:\/\/archive.sana.sy\/es\/index.php?rest_route=\/wp\/v2\/media\/10694"}],"wp:attachment":[{"href":"https:\/\/archive.sana.sy\/es\/index.php?rest_route=%2Fwp%2Fv2%2Fmedia&parent=24158"}],"wp:term":[{"taxonomy":"category","embeddable":true,"href":"https:\/\/archive.sana.sy\/es\/index.php?rest_route=%2Fwp%2Fv2%2Fcategories&post=24158"},{"taxonomy":"post_tag","embeddable":true,"href":"https:\/\/archive.sana.sy\/es\/index.php?rest_route=%2Fwp%2Fv2%2Ftags&post=24158"}],"curies":[{"name":"wp","href":"https:\/\/api.w.org\/{rel}","templated":true}]}}