{"id":24165,"date":"2015-05-30T10:30:05","date_gmt":"2015-05-30T07:30:05","guid":{"rendered":"http:\/\/sana.sy\/es\/?p=24165"},"modified":"2015-05-30T13:09:18","modified_gmt":"2015-05-30T10:09:18","slug":"mas-de-3-500-personas-viajaron-desde-europa-a-oriente-medio-para-luchar-en-las-filas-de-las-organizaciones-terroristas","status":"publish","type":"post","link":"https:\/\/archive.sana.sy\/es\/?p=24165","title":{"rendered":"M\u00e1s de 3.500 personas viajaron desde Europa a Oriente Medio para luchar en las filas de las organizaciones terroristas"},"content":{"rendered":"<p><span style=\"color: #800000\">Praga, SANA<\/span><\/p>\n<p>El Vicepresidente de la Organizaci\u00f3n de Polic\u00eda Europea (Europol), Uldrgikh Martino, revel\u00f3 que el banco de informaci\u00f3n de su organizaci\u00f3n cuenta con los nombres de m\u00e1s de 3.500 personas de los extremistas que viajaron a Oriente Medio para luchar en las filas de las organizaciones terroristas.<\/p>\n<p>En una entrevista con la televisi\u00f3n checa (DV) Martino advirti\u00f3 de la amenaza de nuevos ataques terroristas en Europa, sobre todo por parte de los terroristas que lucharon en Siria, Irak y Libia, y luego han vuelto a los pa\u00edses de la Uni\u00f3n Europea, se\u00f1alando la dificultad de detectar los riesgos y las amenazas de seguridad.<\/p>\n<p>Tambi\u00e9n consider\u00f3 que las capas m\u00e1s peligrosas para la seguridad en Europa, son aquellas que incluyen a los llamados combatientes extranjeros, y son ciudadanos de pa\u00edses de la UE que fueron a Oriente Medio para entrenarse y luchar, y luego regresan a Europa.<\/p>\n<p>Cabe resaltar que el presidente de la Organizaci\u00f3n de Polic\u00eda Europea (Europol), Rob Wainwright, hab\u00eda anunciado el mes pasado que entre tres mil hasta cinco mil ciudadanos europeos se unieron a las filas de las organizaciones terroristas en pa\u00edses como Siria, advirtiendo que estos terroristas podr\u00edan representar una amenaza para su pa\u00eds cuando regresen.<\/p>\n<p>Fady M., Lynn A.<\/p>\n","protected":false},"excerpt":{"rendered":"<p>Praga, SANA El Vicepresidente de la Organizaci\u00f3n de Polic\u00eda Europea (Europol), Uldrgikh Martino, revel\u00f3 que el banco de informaci\u00f3n de su organizaci\u00f3n cuenta con los nombres de m\u00e1s de 3.500 personas de los extremistas que viajaron a Oriente Medio para luchar en las filas de las organizaciones terroristas. En una entrevista con la televisi\u00f3n checa &hellip;<\/p>\n","protected":false},"author":24,"featured_media":4166,"comment_status":"closed","ping_status":"closed","sticky":false,"template":"","format":"standard","meta":{"footnotes":""},"categories":[456,457,576],"tags":[5457],"class_list":["post-24165","post","type-post","status-publish","format-standard","has-post-thumbnail","","category-arabe-internacional-politica","category-noticias-arabe-internacional-politica","category-noticias-politicas","tag-mas-de-3-500-personas-viajaron-desde-europa-a-oriente-medio-para-luchar-en-las-filas-de-las-organizaciones-terroristas"],"_links":{"self":[{"href":"https:\/\/archive.sana.sy\/es\/index.php?rest_route=\/wp\/v2\/posts\/24165"}],"collection":[{"href":"https:\/\/archive.sana.sy\/es\/index.php?rest_route=\/wp\/v2\/posts"}],"about":[{"href":"https:\/\/archive.sana.sy\/es\/index.php?rest_route=\/wp\/v2\/types\/post"}],"author":[{"embeddable":true,"href":"https:\/\/archive.sana.sy\/es\/index.php?rest_route=\/wp\/v2\/users\/24"}],"replies":[{"embeddable":true,"href":"https:\/\/archive.sana.sy\/es\/index.php?rest_route=%2Fwp%2Fv2%2Fcomments&post=24165"}],"version-history":[{"count":0,"href":"https:\/\/archive.sana.sy\/es\/index.php?rest_route=\/wp\/v2\/posts\/24165\/revisions"}],"wp:featuredmedia":[{"embeddable":true,"href":"https:\/\/archive.sana.sy\/es\/index.php?rest_route=\/wp\/v2\/media\/4166"}],"wp:attachment":[{"href":"https:\/\/archive.sana.sy\/es\/index.php?rest_route=%2Fwp%2Fv2%2Fmedia&parent=24165"}],"wp:term":[{"taxonomy":"category","embeddable":true,"href":"https:\/\/archive.sana.sy\/es\/index.php?rest_route=%2Fwp%2Fv2%2Fcategories&post=24165"},{"taxonomy":"post_tag","embeddable":true,"href":"https:\/\/archive.sana.sy\/es\/index.php?rest_route=%2Fwp%2Fv2%2Ftags&post=24165"}],"curies":[{"name":"wp","href":"https:\/\/api.w.org\/{rel}","templated":true}]}}