{"id":24167,"date":"2015-05-30T11:10:19","date_gmt":"2015-05-30T08:10:19","guid":{"rendered":"http:\/\/sana.sy\/es\/?p=24167"},"modified":"2015-05-30T13:11:38","modified_gmt":"2015-05-30T10:11:38","slug":"ban-ki-moon-mas-de-25-mil-personas-de-100-paises-se-han-unido-a-las-filas-del-ei","status":"publish","type":"post","link":"https:\/\/archive.sana.sy\/es\/?p=24167","title":{"rendered":"Ban Ki-moon: m\u00e1s de 25 mil personas de 100 pa\u00edses se han unido a las filas del EI"},"content":{"rendered":"<p><span style=\"color: #800000\">Nueva York, SANA<\/span><\/p>\n<p>EL Secretario General de la ONU, Ban Ki-moon, dijo que m\u00e1s de 25.000 personas procedentes de 100 pa\u00edses se han unido a las filas de la organizaci\u00f3n terrorista del Estado Isl\u00e1mico (EI) en Siria e Irak.<\/p>\n<p>Ki-moon dijo en un discurso pronunciado ante el Consejo de Seguridad de la ONU el viernes pasado, que las edades quienes se incorporan a la organizaci\u00f3n terrorista oscilan entre 15 a 35 a\u00f1os, revelando que la proporci\u00f3n de &#8220;combatientes extranjeros&#8221; ha aumentado en un 70% desde mediados de 2014.<\/p>\n<p>Ki-moon expres\u00f3 su preocupaci\u00f3n por los \u00faltimos acontecimientos en Irak y Siria por la creciente amenaza que representan para la paz y la seguridad internacionales, lo que requiere la presentaci\u00f3n de un plan de acci\u00f3n para la prevenci\u00f3n de la radicalizaci\u00f3n de estas organizaciones.<\/p>\n<p>Asimismo, destac\u00f3 que &#8220;las Naciones Unidas continuar\u00e1 trabajando de manera efectiva con los Estados miembros con el fin de llegar a un enfoque innovador e integral para hacer frente a esta amenaza multidimensional.<\/p>\n<p>&nbsp;<\/p>\n<p>Fady M., Lynn A.<\/p>\n","protected":false},"excerpt":{"rendered":"<p>Nueva York, SANA EL Secretario General de la ONU, Ban Ki-moon, dijo que m\u00e1s de 25.000 personas procedentes de 100 pa\u00edses se han unido a las filas de la organizaci\u00f3n terrorista del Estado Isl\u00e1mico (EI) en Siria e Irak. Ki-moon dijo en un discurso pronunciado ante el Consejo de Seguridad de la ONU el viernes &hellip;<\/p>\n","protected":false},"author":24,"featured_media":22733,"comment_status":"closed","ping_status":"closed","sticky":false,"template":"","format":"standard","meta":{"footnotes":""},"categories":[456,457],"tags":[5458],"class_list":["post-24167","post","type-post","status-publish","format-standard","has-post-thumbnail","","category-arabe-internacional-politica","category-noticias-arabe-internacional-politica","tag-ban-ki-moon-mas-de-25-mil-personas-de-100-paises-se-han-unido-a-las-filas-del-ei"],"_links":{"self":[{"href":"https:\/\/archive.sana.sy\/es\/index.php?rest_route=\/wp\/v2\/posts\/24167"}],"collection":[{"href":"https:\/\/archive.sana.sy\/es\/index.php?rest_route=\/wp\/v2\/posts"}],"about":[{"href":"https:\/\/archive.sana.sy\/es\/index.php?rest_route=\/wp\/v2\/types\/post"}],"author":[{"embeddable":true,"href":"https:\/\/archive.sana.sy\/es\/index.php?rest_route=\/wp\/v2\/users\/24"}],"replies":[{"embeddable":true,"href":"https:\/\/archive.sana.sy\/es\/index.php?rest_route=%2Fwp%2Fv2%2Fcomments&post=24167"}],"version-history":[{"count":0,"href":"https:\/\/archive.sana.sy\/es\/index.php?rest_route=\/wp\/v2\/posts\/24167\/revisions"}],"wp:featuredmedia":[{"embeddable":true,"href":"https:\/\/archive.sana.sy\/es\/index.php?rest_route=\/wp\/v2\/media\/22733"}],"wp:attachment":[{"href":"https:\/\/archive.sana.sy\/es\/index.php?rest_route=%2Fwp%2Fv2%2Fmedia&parent=24167"}],"wp:term":[{"taxonomy":"category","embeddable":true,"href":"https:\/\/archive.sana.sy\/es\/index.php?rest_route=%2Fwp%2Fv2%2Fcategories&post=24167"},{"taxonomy":"post_tag","embeddable":true,"href":"https:\/\/archive.sana.sy\/es\/index.php?rest_route=%2Fwp%2Fv2%2Ftags&post=24167"}],"curies":[{"name":"wp","href":"https:\/\/api.w.org\/{rel}","templated":true}]}}