{"id":24171,"date":"2015-05-30T13:49:30","date_gmt":"2015-05-30T10:49:30","guid":{"rendered":"http:\/\/sana.sy\/es\/?p=24171"},"modified":"2023-01-09T14:10:06","modified_gmt":"2023-01-09T12:10:06","slug":"dos-martires-y-numerosos-heridos-en-ataques-terroristas-del-ei-contra-la-ciudad-de-hassakeh","status":"publish","type":"post","link":"https:\/\/archive.sana.sy\/es\/?p=24171","title":{"rendered":"Dos m\u00e1rtires y numerosos heridos en ataques terroristas del EI contra la ciudad de Hassakeh"},"content":{"rendered":"<p><span style=\"color: #800000\">Hassakeh, SANA<\/span><\/p>\n<p>Dos personas perdieron la vida y otras m\u00e1s resultaron heridas en ataques librados por los terroristas del Estado Isl\u00e1mico contra la ciudad de Hassakeh.<\/p>\n<p>Una fuente en la provincia de Hassakeh se\u00f1al\u00f3 que terroristas dispararon esta madrugada proyectiles de mortero contra varias \u00e1reas de la ciudad de Hassakeh, causando la muerte de dos personas y heridas a otras 19, adem\u00e1s de da\u00f1os materiales.<\/p>\n<p>Cabe destacar que los terroristas del EI atacaron a principios del mes en curso la misma ciudad con proyectiles de mortero y dos motocicletas bomba, atentados que se saldaron con cuatro m\u00e1rtires.<\/p>\n<p>&nbsp;<\/p>\n<p>Lynn A.<\/p>\n","protected":false},"excerpt":{"rendered":"<p>Hassakeh, SANA Dos personas perdieron la vida y otras m\u00e1s resultaron heridas en ataques librados por los terroristas del Estado Isl\u00e1mico contra la ciudad de Hassakeh. Una fuente en la provincia de Hassakeh se\u00f1al\u00f3 que terroristas dispararon esta madrugada proyectiles de mortero contra varias \u00e1reas de la ciudad de Hassakeh, causando la muerte de dos &hellip;<\/p>\n","protected":false},"author":24,"featured_media":17691,"comment_status":"closed","ping_status":"closed","sticky":false,"template":"","format":"standard","meta":{"footnotes":""},"categories":[477,597,573,476],"tags":[5459],"class_list":["post-24171","post","type-post","status-publish","format-standard","has-post-thumbnail","","category-noticias-edulcorantes","category-cinta-de-noticias","category-la-realidad-de-los-acontecimientos-en-siria","category-locales","tag-dos-martires-y-numerosos-heridos-en-ataques-terroristas-del-ei-contra-la-ciudad-de-hassakeh"],"_links":{"self":[{"href":"https:\/\/archive.sana.sy\/es\/index.php?rest_route=\/wp\/v2\/posts\/24171"}],"collection":[{"href":"https:\/\/archive.sana.sy\/es\/index.php?rest_route=\/wp\/v2\/posts"}],"about":[{"href":"https:\/\/archive.sana.sy\/es\/index.php?rest_route=\/wp\/v2\/types\/post"}],"author":[{"embeddable":true,"href":"https:\/\/archive.sana.sy\/es\/index.php?rest_route=\/wp\/v2\/users\/24"}],"replies":[{"embeddable":true,"href":"https:\/\/archive.sana.sy\/es\/index.php?rest_route=%2Fwp%2Fv2%2Fcomments&post=24171"}],"version-history":[{"count":0,"href":"https:\/\/archive.sana.sy\/es\/index.php?rest_route=\/wp\/v2\/posts\/24171\/revisions"}],"wp:featuredmedia":[{"embeddable":true,"href":"https:\/\/archive.sana.sy\/es\/index.php?rest_route=\/wp\/v2\/media\/17691"}],"wp:attachment":[{"href":"https:\/\/archive.sana.sy\/es\/index.php?rest_route=%2Fwp%2Fv2%2Fmedia&parent=24171"}],"wp:term":[{"taxonomy":"category","embeddable":true,"href":"https:\/\/archive.sana.sy\/es\/index.php?rest_route=%2Fwp%2Fv2%2Fcategories&post=24171"},{"taxonomy":"post_tag","embeddable":true,"href":"https:\/\/archive.sana.sy\/es\/index.php?rest_route=%2Fwp%2Fv2%2Ftags&post=24171"}],"curies":[{"name":"wp","href":"https:\/\/api.w.org\/{rel}","templated":true}]}}