{"id":241725,"date":"2022-07-04T17:49:24","date_gmt":"2022-07-04T14:49:24","guid":{"rendered":"http:\/\/107.6.182.27\/es\/?p=241725"},"modified":"2022-07-04T17:49:24","modified_gmt":"2022-07-04T14:49:24","slug":"comienza-en-teheran-el-1er-festival-internacional-de-ciudades-amigables-y-armoniosas","status":"publish","type":"post","link":"https:\/\/archive.sana.sy\/es\/?p=241725","title":{"rendered":"Comienza en Teher\u00e1n el 1er Festival Internacional de Ciudades Amigables y Armoniosas"},"content":{"rendered":"<p style=\"text-align: justify;\"><span style=\"color: #800000;\"><strong>Teher\u00e1n, 04 jul (SANA) <\/strong><\/span>Con la participaci\u00f3n de Siria comenz\u00f3 en Teher\u00e1n el 1er Festival Internacional de Ciudades Amigables y Armoniosas en la capital iran\u00ed Teher\u00e1n, y a la par se desarrolla una exposici\u00f3n sobre la misma tem\u00e1tica.<\/p>\n<p style=\"text-align: justify;\">Siria participa en el festival con un pabell\u00f3n lleno de cuadros y folletos sobre los vestigios hist\u00f3ricos, culturales y arquitect\u00f3nicos.<\/p>\n<p style=\"text-align: justify;\">Junto con varios funcionarios ironies, el embajador sirio Shafiq Dayoub afirm\u00f3 que la participaci\u00f3n siria en este evento es algo normal dadas las relaciones estrat\u00e9gicas que unen a los dos pa\u00edses, y se\u00f1al\u00f3 que este evento ofrece una oportunidad importante para cooperaci\u00f3n entre las urbes del mundo, as\u00ed como propicia el intercambio de experiencias e ideas que puedan contribuir a la urbanizaci\u00f3n inteligente y alivien los problemas inherentes a las ciudades modernas.<\/p>\n<p style=\"text-align: justify;\">Dayoub subray\u00f3 la importancia de la cooperaci\u00f3n entre las ciudades sirias e iran\u00edes en los \u00e1mbitos de tr\u00e1fico, transporte descontaminaci\u00f3n, medio ambiente, reciclaje de desechos, la inversi\u00f3n, las obras, el turismo y las energ\u00edas renovables.<\/p>\n<p style=\"text-align: justify;\">Los discursos pronunciados all\u00ed resaltaron la importancia de la cooperaci\u00f3n entre las capitales del mundo sobre cuestiones como ecolog\u00eda, arquitectura, inversiones y servicios sociales a los ciudadanos.<\/p>\n<p style=\"text-align: justify;\">rsh\/ah<\/p>\n","protected":false},"excerpt":{"rendered":"<p>Teher\u00e1n, 04 jul (SANA) Con la participaci\u00f3n de Siria comenz\u00f3 en Teher\u00e1n el 1er Festival Internacional de Ciudades Amigables y Armoniosas en la capital iran\u00ed Teher\u00e1n, y a la par se desarrolla una exposici\u00f3n sobre la misma tem\u00e1tica. Siria participa en el festival con un pabell\u00f3n lleno de cuadros y folletos sobre los vestigios hist\u00f3ricos, &hellip;<\/p>\n","protected":false},"author":30,"featured_media":241726,"comment_status":"closed","ping_status":"closed","sticky":false,"template":"","format":"standard","meta":{"footnotes":""},"categories":[597,467,7541],"tags":[],"class_list":["post-241725","post","type-post","status-publish","format-standard","has-post-thumbnail","","category-cinta-de-noticias","category-siria-y-el-mundo","category-ultimas-noticias"],"_links":{"self":[{"href":"https:\/\/archive.sana.sy\/es\/index.php?rest_route=\/wp\/v2\/posts\/241725"}],"collection":[{"href":"https:\/\/archive.sana.sy\/es\/index.php?rest_route=\/wp\/v2\/posts"}],"about":[{"href":"https:\/\/archive.sana.sy\/es\/index.php?rest_route=\/wp\/v2\/types\/post"}],"author":[{"embeddable":true,"href":"https:\/\/archive.sana.sy\/es\/index.php?rest_route=\/wp\/v2\/users\/30"}],"replies":[{"embeddable":true,"href":"https:\/\/archive.sana.sy\/es\/index.php?rest_route=%2Fwp%2Fv2%2Fcomments&post=241725"}],"version-history":[{"count":0,"href":"https:\/\/archive.sana.sy\/es\/index.php?rest_route=\/wp\/v2\/posts\/241725\/revisions"}],"wp:featuredmedia":[{"embeddable":true,"href":"https:\/\/archive.sana.sy\/es\/index.php?rest_route=\/wp\/v2\/media\/241726"}],"wp:attachment":[{"href":"https:\/\/archive.sana.sy\/es\/index.php?rest_route=%2Fwp%2Fv2%2Fmedia&parent=241725"}],"wp:term":[{"taxonomy":"category","embeddable":true,"href":"https:\/\/archive.sana.sy\/es\/index.php?rest_route=%2Fwp%2Fv2%2Fcategories&post=241725"},{"taxonomy":"post_tag","embeddable":true,"href":"https:\/\/archive.sana.sy\/es\/index.php?rest_route=%2Fwp%2Fv2%2Ftags&post=241725"}],"curies":[{"name":"wp","href":"https:\/\/api.w.org\/{rel}","templated":true}]}}