{"id":24181,"date":"2015-05-30T16:51:38","date_gmt":"2015-05-30T13:51:38","guid":{"rendered":"http:\/\/sana.sy\/es\/?p=24181"},"modified":"2015-05-31T13:55:49","modified_gmt":"2015-05-31T10:55:49","slug":"primer-ministro-lo-que-sucedio-en-idleb-se-debe-al-apoyo-brindado-por-turquia-a-los-terroristas","status":"publish","type":"post","link":"https:\/\/archive.sana.sy\/es\/?p=24181","title":{"rendered":"Primer Ministro: lo que sucedi\u00f3 en Idleb se debe al apoyo brindado por Turqu\u00eda a los terroristas"},"content":{"rendered":"<p><span style=\"color: #800000\">Damasco, SANA<\/span><\/p>\n<p>El primer ministro, Wael al-Halqui se reuni\u00f3 este s\u00e1bado con diputados que representan la provincia de Idleb para debatir las necesidades de los vecinos de esta provincia que fueron desplazados debido a los ataques terroristas.<\/p>\n<p>El jefe del Ejecutivo manifest\u00f3 el inter\u00e9s del Gobierno en brindar la asistencia humanitaria a los vecinos del \u00e1rea de Ariha, quienes fueron desplazados a manos de las organizaciones terroristas. En este contexto denunci\u00f3 que lo que sucedi\u00f3 en este \u00e1rea se debe al apoyo financiero y armament\u00edstico brindado por Turqu\u00eda a los terroristas.<\/p>\n<p><img loading=\"lazy\" decoding=\"async\" class=\"aligncenter size-medium wp-image-24183\" src=\"http:\/\/sana.sy\/es\/wp-content\/uploads\/2015\/05\/Halqui-diputados-Idleb-300x200.jpg\" alt=\"Halqui diputados Idleb\" width=\"300\" height=\"200\" srcset=\"https:\/\/archive.sana.sy\/es\/wp-content\/uploads\/2015\/05\/Halqui-diputados-Idleb-300x200.jpg 300w, https:\/\/archive.sana.sy\/es\/wp-content\/uploads\/2015\/05\/Halqui-diputados-Idleb-150x100.jpg 150w, https:\/\/archive.sana.sy\/es\/wp-content\/uploads\/2015\/05\/Halqui-diputados-Idleb.jpg 500w\" sizes=\"(max-width: 300px) 100vw, 300px\" \/><\/p>\n<p>Asimismo acot\u00f3 que la escalada militar, econ\u00f3mica, medi\u00e1tica y psicol\u00f3gica que se est\u00e1 desarrollando contra la patria se debe a los trascendentes avances logrados por el ej\u00e9rcito y la resistencia de la econom\u00eda nacional.<\/p>\n<p>Por su parte, los diputados reiteraron su confianza en la capacidad de nuestras fuerzas armadas de repeler a los terroristas de la provincia de Idleb, apreciando los esfuerzos desempe\u00f1ados por el Gobierno en materia de consolidar la resistencia de Siria.<\/p>\n<p><span style=\"color: #0000ff\">Al-Halqui se re\u00fane con representantes de los sectores agrario y comercial en Damasco-campo<\/span><\/p>\n<p>Asimismo, el Primer Ministro debati\u00f3 con representantes de los sectores comercial, agr\u00edcola y social en Damasco-campo los medios capaces de garantizar la llegada de las ayudas alimentarias a los vecinos asediados por las organizaciones terroristas en algunas \u00e1reas del campo de Damasco.<\/p>\n<p>De igual manera examinaron las v\u00edas de garantizar un ambiente adecuado para el desarrollo de las industrias agr\u00edcolas y alimentarias, donde el Primer Ministro destac\u00f3 el inter\u00e9s del Gobierno en desarrollar estos sectores en todas las provincias sobre todo en Damasco-campo.<\/p>\n<p>A su vez, los miembros de la delegaci\u00f3n valoraron los esfuerzos desplegados por el Gobierno para garantizar las necesidades de la producci\u00f3n agraria y pecuaria.<\/p>\n<p>&nbsp;<\/p>\n<p>Lynn A.<\/p>\n","protected":false},"excerpt":{"rendered":"<p>Damasco, SANA El primer ministro, Wael al-Halqui se reuni\u00f3 este s\u00e1bado con diputados que representan la provincia de Idleb para debatir las necesidades de los vecinos de esta provincia que fueron desplazados debido a los ataques terroristas. El jefe del Ejecutivo manifest\u00f3 el inter\u00e9s del Gobierno en brindar la asistencia humanitaria a los vecinos del &hellip;<\/p>\n","protected":false},"author":24,"featured_media":24182,"comment_status":"closed","ping_status":"closed","sticky":false,"template":"","format":"standard","meta":{"footnotes":""},"categories":[477,476],"tags":[5461],"class_list":["post-24181","post","type-post","status-publish","format-standard","has-post-thumbnail","","category-noticias-edulcorantes","category-locales","tag-primer-ministro-lo-que-sucedio-en-idleb-se-debe-al-apoyo-brindado-por-turquia-a-los-terroristas"],"_links":{"self":[{"href":"https:\/\/archive.sana.sy\/es\/index.php?rest_route=\/wp\/v2\/posts\/24181"}],"collection":[{"href":"https:\/\/archive.sana.sy\/es\/index.php?rest_route=\/wp\/v2\/posts"}],"about":[{"href":"https:\/\/archive.sana.sy\/es\/index.php?rest_route=\/wp\/v2\/types\/post"}],"author":[{"embeddable":true,"href":"https:\/\/archive.sana.sy\/es\/index.php?rest_route=\/wp\/v2\/users\/24"}],"replies":[{"embeddable":true,"href":"https:\/\/archive.sana.sy\/es\/index.php?rest_route=%2Fwp%2Fv2%2Fcomments&post=24181"}],"version-history":[{"count":0,"href":"https:\/\/archive.sana.sy\/es\/index.php?rest_route=\/wp\/v2\/posts\/24181\/revisions"}],"wp:featuredmedia":[{"embeddable":true,"href":"https:\/\/archive.sana.sy\/es\/index.php?rest_route=\/wp\/v2\/media\/24182"}],"wp:attachment":[{"href":"https:\/\/archive.sana.sy\/es\/index.php?rest_route=%2Fwp%2Fv2%2Fmedia&parent=24181"}],"wp:term":[{"taxonomy":"category","embeddable":true,"href":"https:\/\/archive.sana.sy\/es\/index.php?rest_route=%2Fwp%2Fv2%2Fcategories&post=24181"},{"taxonomy":"post_tag","embeddable":true,"href":"https:\/\/archive.sana.sy\/es\/index.php?rest_route=%2Fwp%2Fv2%2Ftags&post=24181"}],"curies":[{"name":"wp","href":"https:\/\/api.w.org\/{rel}","templated":true}]}}