{"id":241917,"date":"2022-07-06T05:27:13","date_gmt":"2022-07-06T02:27:13","guid":{"rendered":"http:\/\/107.6.182.27\/es\/?p=241917"},"modified":"2022-07-06T05:28:44","modified_gmt":"2022-07-06T02:28:44","slug":"cancilleres-de-siria-y-cuba-sostienen-encuentro-en-argel-rodriguez-destaca-profunda-amistad-con-siria","status":"publish","type":"post","link":"https:\/\/archive.sana.sy\/es\/?p=241917","title":{"rendered":"Cancilleres de Siria y Cuba sostienen encuentro en Argel. Rodr\u00edguez destaca profunda amistad con Siria"},"content":{"rendered":"<p style=\"text-align: justify;\"><span style=\"color: #800000;\"><strong>Argel, 6 jul (SANA)<\/strong><\/span> El ministro de Relaciones Exteriores de Cuba, Bruno Rodr\u00edguez Parrilla, destac\u00f3 las s\u00f3lidas y profundas relaciones de amistad y solidaridad entre su pa\u00eds y Siria.<\/p>\n<p style=\"text-align: justify;\">\u201cHoy me reun\u00ed con el Ministro de Asuntos Exteriores sirio, Faisal al-Mekdad, y ratificamos los lazos hist\u00f3ricos de la amistad y solidaridad entre nuestros dos pa\u00edses, y la voluntad de seguir fortaleciendo las relaciones pol\u00edticas\u201d escribi\u00f3 Rodr\u00edquez en su cuenta de Twitter tras su encuentro con el ministro de Asuntos Exteriores y Expatriados, Faisal al-Mekdad, en la capital argelina, Argel.<\/p>\n<p style=\"text-align: justify;\">El jefe de la diplomacia cubana agreg\u00f3 que sus conversaciones con su hom\u00f3logo sirio trataron tambi\u00e9n sobre temas de inter\u00e9s com\u00fan en la agenda bilateral e internacional.<\/p>\n<p style=\"text-align: justify;\">fm<\/p>\n","protected":false},"excerpt":{"rendered":"<p>Argel, 6 jul (SANA) El ministro de Relaciones Exteriores de Cuba, Bruno Rodr\u00edguez Parrilla, destac\u00f3 las s\u00f3lidas y profundas relaciones de amistad y solidaridad entre su pa\u00eds y Siria. \u201cHoy me reun\u00ed con el Ministro de Asuntos Exteriores sirio, Faisal al-Mekdad, y ratificamos los lazos hist\u00f3ricos de la amistad y solidaridad entre nuestros dos pa\u00edses, &hellip;<\/p>\n","protected":false},"author":34,"featured_media":241920,"comment_status":"closed","ping_status":"closed","sticky":false,"template":"","format":"standard","meta":{"footnotes":""},"categories":[447,477,597,476,457,467,7541],"tags":[],"class_list":["post-241917","post","type-post","status-publish","format-standard","has-post-thumbnail","","category-local-politica","category-noticias-edulcorantes","category-cinta-de-noticias","category-locales","category-noticias-arabe-internacional-politica","category-siria-y-el-mundo","category-ultimas-noticias"],"_links":{"self":[{"href":"https:\/\/archive.sana.sy\/es\/index.php?rest_route=\/wp\/v2\/posts\/241917"}],"collection":[{"href":"https:\/\/archive.sana.sy\/es\/index.php?rest_route=\/wp\/v2\/posts"}],"about":[{"href":"https:\/\/archive.sana.sy\/es\/index.php?rest_route=\/wp\/v2\/types\/post"}],"author":[{"embeddable":true,"href":"https:\/\/archive.sana.sy\/es\/index.php?rest_route=\/wp\/v2\/users\/34"}],"replies":[{"embeddable":true,"href":"https:\/\/archive.sana.sy\/es\/index.php?rest_route=%2Fwp%2Fv2%2Fcomments&post=241917"}],"version-history":[{"count":0,"href":"https:\/\/archive.sana.sy\/es\/index.php?rest_route=\/wp\/v2\/posts\/241917\/revisions"}],"wp:featuredmedia":[{"embeddable":true,"href":"https:\/\/archive.sana.sy\/es\/index.php?rest_route=\/wp\/v2\/media\/241920"}],"wp:attachment":[{"href":"https:\/\/archive.sana.sy\/es\/index.php?rest_route=%2Fwp%2Fv2%2Fmedia&parent=241917"}],"wp:term":[{"taxonomy":"category","embeddable":true,"href":"https:\/\/archive.sana.sy\/es\/index.php?rest_route=%2Fwp%2Fv2%2Fcategories&post=241917"},{"taxonomy":"post_tag","embeddable":true,"href":"https:\/\/archive.sana.sy\/es\/index.php?rest_route=%2Fwp%2Fv2%2Ftags&post=241917"}],"curies":[{"name":"wp","href":"https:\/\/api.w.org\/{rel}","templated":true}]}}