{"id":24210,"date":"2015-05-30T19:26:31","date_gmt":"2015-05-30T16:26:31","guid":{"rendered":"http:\/\/sana.sy\/es\/?p=24210"},"modified":"2015-05-30T19:26:31","modified_gmt":"2015-05-30T16:26:31","slug":"ejercito-iraqui-aniquila-a-28-terroristas-del-ei-en-faluya","status":"publish","type":"post","link":"https:\/\/archive.sana.sy\/es\/?p=24210","title":{"rendered":"Ej\u00e9rcito iraqu\u00ed aniquila a 28 terroristas del EI en Faluya"},"content":{"rendered":"<p><span style=\"color: #800000\">Bagdad-SANA<\/span><\/p>\n<p style=\"text-align: justify\">Las fuerzas iraqu\u00edes aniquilan a 28 integrantes del grupo (Daesh) en la ciudad de al-Faluya de la provincia de Anbar, en el oeste de Irak.<\/p>\n<p style=\"text-align: justify\">&#8220;En una operaci\u00f3n de la unidad especial del ej\u00e9rcito; los halcones, entre las fuerzas tribales y el Ej\u00e9rcito iraqu\u00ed murieron al menos 28 elementos del EI en la ciudad de al-Faluya&#8221;, segun inform\u00f3 una fuente militar.<\/p>\n<p style=\"text-align: justify\">La fuente a\u00f1adi\u00f3 que lograron detectar y desactivar artefactos explosivos y destruir coches blindados de la banda extremista. Asimismo, Durante la operaci\u00f3n en dicha jornada, la unidad militar especial acab\u00f3 con la vida de Abu Usamah al-Amreki, el llamado \u201cEl fot\u00f3grafo de las pel\u00edculas\u201d del EI.<\/p>\n<p style=\"text-align: justify\">Por otra parte, las fuerzas iraqu\u00edes han logrado romper el cerco sobre el establecimiento industrial al-Muzana, al oeste de la ciudad de Ramadi, en la provincia de Anbar, en el oeste de Irak, y liberar los 170 militares iraqu\u00edes que hab\u00edan sido asediados.<\/p>\n<p style=\"text-align: justify\">Es de se\u00f1alar que, Las tropas del Ej\u00e9rcito y voluntarios populares siguen avanzando victorias en la provincia de Al-Anbar. El jueves liberaron totalmente el \u00e1rea de Jabbah, situada en el distrito de Al-Bagdadi, y el viernes le toc\u00f3 a la ciudad de Al-Jalidiya, de donde fueron expulsados los terroristas.<\/p>\n<p>M.Miri<\/p>\n","protected":false},"excerpt":{"rendered":"<p>Bagdad-SANA Las fuerzas iraqu\u00edes aniquilan a 28 integrantes del grupo (Daesh) en la ciudad de al-Faluya de la provincia de Anbar, en el oeste de Irak. &#8220;En una operaci\u00f3n de la unidad especial del ej\u00e9rcito; los halcones, entre las fuerzas tribales y el Ej\u00e9rcito iraqu\u00ed murieron al menos 28 elementos del EI en la ciudad &hellip;<\/p>\n","protected":false},"author":1,"featured_media":24211,"comment_status":"closed","ping_status":"closed","sticky":false,"template":"","format":"standard","meta":{"footnotes":""},"categories":[456,457,576],"tags":[5466],"class_list":["post-24210","post","type-post","status-publish","format-standard","has-post-thumbnail","","category-arabe-internacional-politica","category-noticias-arabe-internacional-politica","category-noticias-politicas","tag-ejercito-iraqui-aniquila-a-28-terroristas-del-ei-en-faluya"],"_links":{"self":[{"href":"https:\/\/archive.sana.sy\/es\/index.php?rest_route=\/wp\/v2\/posts\/24210"}],"collection":[{"href":"https:\/\/archive.sana.sy\/es\/index.php?rest_route=\/wp\/v2\/posts"}],"about":[{"href":"https:\/\/archive.sana.sy\/es\/index.php?rest_route=\/wp\/v2\/types\/post"}],"author":[{"embeddable":true,"href":"https:\/\/archive.sana.sy\/es\/index.php?rest_route=\/wp\/v2\/users\/1"}],"replies":[{"embeddable":true,"href":"https:\/\/archive.sana.sy\/es\/index.php?rest_route=%2Fwp%2Fv2%2Fcomments&post=24210"}],"version-history":[{"count":0,"href":"https:\/\/archive.sana.sy\/es\/index.php?rest_route=\/wp\/v2\/posts\/24210\/revisions"}],"wp:featuredmedia":[{"embeddable":true,"href":"https:\/\/archive.sana.sy\/es\/index.php?rest_route=\/wp\/v2\/media\/24211"}],"wp:attachment":[{"href":"https:\/\/archive.sana.sy\/es\/index.php?rest_route=%2Fwp%2Fv2%2Fmedia&parent=24210"}],"wp:term":[{"taxonomy":"category","embeddable":true,"href":"https:\/\/archive.sana.sy\/es\/index.php?rest_route=%2Fwp%2Fv2%2Fcategories&post=24210"},{"taxonomy":"post_tag","embeddable":true,"href":"https:\/\/archive.sana.sy\/es\/index.php?rest_route=%2Fwp%2Fv2%2Ftags&post=24210"}],"curies":[{"name":"wp","href":"https:\/\/api.w.org\/{rel}","templated":true}]}}