{"id":24213,"date":"2015-05-30T19:46:28","date_gmt":"2015-05-30T16:46:28","guid":{"rendered":"http:\/\/sana.sy\/es\/?p=24213"},"modified":"2015-05-30T19:46:28","modified_gmt":"2015-05-30T16:46:28","slug":"la-fuerza-de-seguridad-libanesa-detiene-a-dos-terroristas-del-ei","status":"publish","type":"post","link":"https:\/\/archive.sana.sy\/es\/?p=24213","title":{"rendered":"La Fuerza de Seguridad libanesa detiene a dos terroristas del (EI)"},"content":{"rendered":"<p>Beirut-SANA<\/p>\n<p style=\"text-align: justify\">La Fuerza de Seguridad libanesa ha detenido a dos presuntos terroristas sirios mientras que el tercero logr\u00f3 escaparse, \u00a0inform\u00f3 hoy la instituci\u00f3n en un comunicado.<\/p>\n<p style=\"text-align: justify\">Seg\u00fan la agencia libanesa de noticias, los terroristas pertenecen al grupo de (Daesh), y hab\u00edan estado a la localidad de Balbak.<\/p>\n<p style=\"text-align: justify\">En el mismo contexto, el ej\u00e9rcito liban\u00e9s arrest\u00f3 durante los \u00faltimos dos d\u00edas, a un n\u00famero de hombres buscados en varias regiones del L\u00edbano como parte del plan de seguridad implementado para mantener la seguridad y la estabilidad en el L\u00edbano.<\/p>\n<p>M.Miri<\/p>\n","protected":false},"excerpt":{"rendered":"<p>Beirut-SANA La Fuerza de Seguridad libanesa ha detenido a dos presuntos terroristas sirios mientras que el tercero logr\u00f3 escaparse, \u00a0inform\u00f3 hoy la instituci\u00f3n en un comunicado. Seg\u00fan la agencia libanesa de noticias, los terroristas pertenecen al grupo de (Daesh), y hab\u00edan estado a la localidad de Balbak. En el mismo contexto, el ej\u00e9rcito liban\u00e9s arrest\u00f3 &hellip;<\/p>\n","protected":false},"author":1,"featured_media":24214,"comment_status":"closed","ping_status":"closed","sticky":false,"template":"","format":"standard","meta":{"footnotes":""},"categories":[1],"tags":[5467],"class_list":["post-24213","post","type-post","status-publish","format-standard","has-post-thumbnail","","category-news-not-sorted","tag-la-fuerza-de-seguridad-libanesa-detiene-a-dos-terroristas-del-ei"],"_links":{"self":[{"href":"https:\/\/archive.sana.sy\/es\/index.php?rest_route=\/wp\/v2\/posts\/24213"}],"collection":[{"href":"https:\/\/archive.sana.sy\/es\/index.php?rest_route=\/wp\/v2\/posts"}],"about":[{"href":"https:\/\/archive.sana.sy\/es\/index.php?rest_route=\/wp\/v2\/types\/post"}],"author":[{"embeddable":true,"href":"https:\/\/archive.sana.sy\/es\/index.php?rest_route=\/wp\/v2\/users\/1"}],"replies":[{"embeddable":true,"href":"https:\/\/archive.sana.sy\/es\/index.php?rest_route=%2Fwp%2Fv2%2Fcomments&post=24213"}],"version-history":[{"count":0,"href":"https:\/\/archive.sana.sy\/es\/index.php?rest_route=\/wp\/v2\/posts\/24213\/revisions"}],"wp:featuredmedia":[{"embeddable":true,"href":"https:\/\/archive.sana.sy\/es\/index.php?rest_route=\/wp\/v2\/media\/24214"}],"wp:attachment":[{"href":"https:\/\/archive.sana.sy\/es\/index.php?rest_route=%2Fwp%2Fv2%2Fmedia&parent=24213"}],"wp:term":[{"taxonomy":"category","embeddable":true,"href":"https:\/\/archive.sana.sy\/es\/index.php?rest_route=%2Fwp%2Fv2%2Fcategories&post=24213"},{"taxonomy":"post_tag","embeddable":true,"href":"https:\/\/archive.sana.sy\/es\/index.php?rest_route=%2Fwp%2Fv2%2Ftags&post=24213"}],"curies":[{"name":"wp","href":"https:\/\/api.w.org\/{rel}","templated":true}]}}