{"id":242379,"date":"2022-07-08T14:56:49","date_gmt":"2022-07-08T11:56:49","guid":{"rendered":"http:\/\/107.6.182.27\/es\/?p=242379"},"modified":"2022-09-12T16:45:33","modified_gmt":"2022-09-12T13:45:33","slug":"el-presidente-bashar-al-assad-en-alepo-fotos","status":"publish","type":"post","link":"https:\/\/archive.sana.sy\/es\/?p=242379","title":{"rendered":"El presidente Bashar Al-Assad visita provincia de Alepo y asegura que los obst\u00e1culos y las dificultades caen ante la voluntad y determinaci\u00f3n (+fotos)"},"content":{"rendered":"<p style=\"text-align: justify;\"><span style=\"color: #800000;\"><strong>Alepo, 8 jul (SANA)\u00a0 <\/strong><\/span>El presidente Bashar al-Asaad, visit\u00f3 hoy la provincia de Alepo en el norte de Siria, donde se reuni\u00f3 con los expertos, trabajadores y t\u00e9cnicos que lograron reconstruir la quinta unidad de generaci\u00f3n de la central el\u00e9ctrica de Alepo con una capacidad de 200 megavatios.<\/p>\n<p style=\"text-align: justify;\">Hace seis a\u00f1os, los soldados del ej\u00e9rcito \u00e1rabe sirio liberaron la central termoel\u00e9ctrica en el este de la provincia de Alepo, a unos 300 kil\u00f3metros al norte de Damasco. Hoy, los ingenieros, t\u00e9cnicos y trabajadores sirios han completado la rehabilitaci\u00f3n de la quinta unidad de generaci\u00f3n, demostrando experiencia y determinaci\u00f3n.<\/p>\n<p style=\"text-align: justify;\">El presidente Bashar al-Assad estuvo presente hoy en la Central y acompa\u00f1\u00f3 a sus trabajadores en la puesta en marcha del quinto grupo generador con una capacidad de 200 megavatios que alimentar\u00e1n de energ\u00eda el\u00e9ctrica a la provincia de Alepo.<\/p>\n<p style=\"text-align: justify;\">El presidente estuvo al tanto de la marcha de la rehabilitaci\u00f3n en curso en los cuatro grupos electr\u00f3genos restantes en la planta, y que tambi\u00e9n se pondr\u00e1n en servicio una vez que finalicen los trabajos de reparaci\u00f3n y reconstrucci\u00f3n.<br \/>\nEl presidente al-Assad calific\u00f3 al personal de la central como verdaderos &#8220;hombres de batalla&#8221; y manifest\u00f3 el orgullo por sus esfuerzos, dedicaci\u00f3n y honestidad.<\/p>\n<p style=\"text-align: justify;\">El mandatario consider\u00f3 que la gobernaci\u00f3n de Alepo ha sufrido m\u00e1s como resultado del terrorismo y el sabotaje que otras provincias, y por lo tanto, la poblaci\u00f3n de Alepo tiene derecho a ser la mayor beneficiaria de la reconstrucci\u00f3n de esta central.<\/p>\n<p style=\"text-align: justify;\">Seg\u00fan el presidente, los trabajadores de Siria est\u00e1n en la segunda l\u00ednea del frente, pues reconstruye lo destruido por el terrorismo y aportan esfuerzo, sudor y m\u00e1rtires.<\/p>\n<p style=\"text-align: justify;\">Los trabajos de rehabilitaci\u00f3n y restauraci\u00f3n en la Central dan un mensaje que todos los obst\u00e1culos y dificultades caen ante la voluntad y determinaci\u00f3n, asever\u00f3 el Gobernante.<\/p>\n<p style=\"text-align: justify;\">En declaraciones a la prensa, el presidente dijo que la devastaci\u00f3n y destrucci\u00f3n en esta instalaci\u00f3n fueron perpetradas por los terroristas que describi\u00f3 como las \u201cfuerzas occidentales lideradas por los Estados Unidos\u201d.<\/p>\n<p style=\"text-align: justify;\">\u201cEstos terroristas que se autodenominaron como revolucionarias esparcieron el oscurantismo en el pa\u00eds, mientras ustedes, los trabajadores, est\u00e1n generando luz por toda Siria\u201d, dijo el mandatario.<\/p>\n<p style=\"text-align: justify;\">Revel\u00f3 que se contact\u00f3 con distintas empresas que rechazaron reconstruirla porque estaba completamente destruida. Sin embargo, los expertos, t\u00e9cnicos y trabajadores pudieron repararla con experiencia local y con la ayuda de amigos leales de Siria, dijo el presidente.<\/p>\n<p style=\"text-align: justify;\">Elogi\u00f3 a los trabajadores que tuvieron que hacer las obras de reconstrucci\u00f3n a pesar de estar cerca de las zonas de despliegue de los terroristas y el bloqueo impuesto a Siria.<\/p>\n<p style=\"text-align: justify;\">\u201cAsegurar las piezas no fue tan f\u00e1cil. Sin embargo, en menos de dos a\u00f1os, pudimos reparar el primer grupo de esta planta, y este es un logro muy importante para nosotros&#8221;, manifest\u00f3.<\/p>\n<p style=\"text-align: justify;\">Dijo que los logrado transmite un mensaje de que todos los obst\u00e1culos y dificultades caen ante el patriotismo, la persistencia y la determinaci\u00f3n.<\/p>\n<p style=\"text-align: justify;\">fm\/sm<\/p>\n<div id='gallery-1' class='gallery galleryid-242379 gallery-columns-1 gallery-size-full'><figure class='gallery-item'>\n\t\t\t<div class='gallery-icon landscape'>\n\t\t\t\t<a href='https:\/\/archive.sana.sy\/es\/?attachment_id=242381'><img loading=\"lazy\" decoding=\"async\" width=\"1280\" height=\"853\" src=\"https:\/\/archive.sana.sy\/es\/wp-content\/uploads\/2022\/07\/photo_2022-07-08_13-44-50-2.jpg\" class=\"attachment-full size-full\" alt=\"\" srcset=\"https:\/\/archive.sana.sy\/es\/wp-content\/uploads\/2022\/07\/photo_2022-07-08_13-44-50-2.jpg 1280w, https:\/\/archive.sana.sy\/es\/wp-content\/uploads\/2022\/07\/photo_2022-07-08_13-44-50-2-300x200.jpg 300w, https:\/\/archive.sana.sy\/es\/wp-content\/uploads\/2022\/07\/photo_2022-07-08_13-44-50-2-1024x682.jpg 1024w, https:\/\/archive.sana.sy\/es\/wp-content\/uploads\/2022\/07\/photo_2022-07-08_13-44-50-2-150x100.jpg 150w, https:\/\/archive.sana.sy\/es\/wp-content\/uploads\/2022\/07\/photo_2022-07-08_13-44-50-2-768x512.jpg 768w\" sizes=\"(max-width: 1280px) 100vw, 1280px\" \/><\/a>\n\t\t\t<\/div><\/figure><figure class='gallery-item'>\n\t\t\t<div class='gallery-icon landscape'>\n\t\t\t\t<a href='https:\/\/archive.sana.sy\/es\/?attachment_id=242382'><img loading=\"lazy\" decoding=\"async\" width=\"1280\" height=\"853\" src=\"https:\/\/archive.sana.sy\/es\/wp-content\/uploads\/2022\/07\/photo_2022-07-08_13-44-50-3.jpg\" class=\"attachment-full size-full\" alt=\"\" srcset=\"https:\/\/archive.sana.sy\/es\/wp-content\/uploads\/2022\/07\/photo_2022-07-08_13-44-50-3.jpg 1280w, https:\/\/archive.sana.sy\/es\/wp-content\/uploads\/2022\/07\/photo_2022-07-08_13-44-50-3-300x200.jpg 300w, https:\/\/archive.sana.sy\/es\/wp-content\/uploads\/2022\/07\/photo_2022-07-08_13-44-50-3-1024x682.jpg 1024w, https:\/\/archive.sana.sy\/es\/wp-content\/uploads\/2022\/07\/photo_2022-07-08_13-44-50-3-150x100.jpg 150w, https:\/\/archive.sana.sy\/es\/wp-content\/uploads\/2022\/07\/photo_2022-07-08_13-44-50-3-768x512.jpg 768w\" sizes=\"(max-width: 1280px) 100vw, 1280px\" \/><\/a>\n\t\t\t<\/div><\/figure><figure class='gallery-item'>\n\t\t\t<div class='gallery-icon portrait'>\n\t\t\t\t<a href='https:\/\/archive.sana.sy\/es\/?attachment_id=242383'><img loading=\"lazy\" decoding=\"async\" width=\"884\" height=\"1280\" src=\"https:\/\/archive.sana.sy\/es\/wp-content\/uploads\/2022\/07\/photo_2022-07-08_13-44-50.jpg\" class=\"attachment-full size-full\" alt=\"\" srcset=\"https:\/\/archive.sana.sy\/es\/wp-content\/uploads\/2022\/07\/photo_2022-07-08_13-44-50.jpg 884w, https:\/\/archive.sana.sy\/es\/wp-content\/uploads\/2022\/07\/photo_2022-07-08_13-44-50-207x300.jpg 207w, https:\/\/archive.sana.sy\/es\/wp-content\/uploads\/2022\/07\/photo_2022-07-08_13-44-50-707x1024.jpg 707w, https:\/\/archive.sana.sy\/es\/wp-content\/uploads\/2022\/07\/photo_2022-07-08_13-44-50-104x150.jpg 104w, https:\/\/archive.sana.sy\/es\/wp-content\/uploads\/2022\/07\/photo_2022-07-08_13-44-50-768x1112.jpg 768w\" sizes=\"(max-width: 884px) 100vw, 884px\" \/><\/a>\n\t\t\t<\/div><\/figure><figure class='gallery-item'>\n\t\t\t<div class='gallery-icon landscape'>\n\t\t\t\t<a href='https:\/\/archive.sana.sy\/es\/?attachment_id=242384'><img loading=\"lazy\" decoding=\"async\" width=\"1280\" height=\"869\" src=\"https:\/\/archive.sana.sy\/es\/wp-content\/uploads\/2022\/07\/photo_2022-07-08_13-44-51.jpg\" class=\"attachment-full size-full\" alt=\"\" srcset=\"https:\/\/archive.sana.sy\/es\/wp-content\/uploads\/2022\/07\/photo_2022-07-08_13-44-51.jpg 1280w, https:\/\/archive.sana.sy\/es\/wp-content\/uploads\/2022\/07\/photo_2022-07-08_13-44-51-300x204.jpg 300w, https:\/\/archive.sana.sy\/es\/wp-content\/uploads\/2022\/07\/photo_2022-07-08_13-44-51-1024x695.jpg 1024w, https:\/\/archive.sana.sy\/es\/wp-content\/uploads\/2022\/07\/photo_2022-07-08_13-44-51-150x102.jpg 150w, https:\/\/archive.sana.sy\/es\/wp-content\/uploads\/2022\/07\/photo_2022-07-08_13-44-51-768x521.jpg 768w, https:\/\/archive.sana.sy\/es\/wp-content\/uploads\/2022\/07\/photo_2022-07-08_13-44-51-110x75.jpg 110w\" sizes=\"(max-width: 1280px) 100vw, 1280px\" \/><\/a>\n\t\t\t<\/div><\/figure><figure class='gallery-item'>\n\t\t\t<div class='gallery-icon landscape'>\n\t\t\t\t<a href='https:\/\/archive.sana.sy\/es\/?attachment_id=242385'><img loading=\"lazy\" decoding=\"async\" width=\"1280\" height=\"853\" src=\"https:\/\/archive.sana.sy\/es\/wp-content\/uploads\/2022\/07\/photo_2022-07-08_13-44-52-2.jpg\" class=\"attachment-full size-full\" alt=\"\" srcset=\"https:\/\/archive.sana.sy\/es\/wp-content\/uploads\/2022\/07\/photo_2022-07-08_13-44-52-2.jpg 1280w, https:\/\/archive.sana.sy\/es\/wp-content\/uploads\/2022\/07\/photo_2022-07-08_13-44-52-2-300x200.jpg 300w, https:\/\/archive.sana.sy\/es\/wp-content\/uploads\/2022\/07\/photo_2022-07-08_13-44-52-2-1024x682.jpg 1024w, https:\/\/archive.sana.sy\/es\/wp-content\/uploads\/2022\/07\/photo_2022-07-08_13-44-52-2-150x100.jpg 150w, https:\/\/archive.sana.sy\/es\/wp-content\/uploads\/2022\/07\/photo_2022-07-08_13-44-52-2-768x512.jpg 768w\" sizes=\"(max-width: 1280px) 100vw, 1280px\" \/><\/a>\n\t\t\t<\/div><\/figure><figure class='gallery-item'>\n\t\t\t<div class='gallery-icon landscape'>\n\t\t\t\t<a href='https:\/\/archive.sana.sy\/es\/?attachment_id=242386'><img loading=\"lazy\" decoding=\"async\" width=\"1280\" height=\"822\" src=\"https:\/\/archive.sana.sy\/es\/wp-content\/uploads\/2022\/07\/photo_2022-07-08_13-44-52.jpg\" class=\"attachment-full size-full\" alt=\"\" srcset=\"https:\/\/archive.sana.sy\/es\/wp-content\/uploads\/2022\/07\/photo_2022-07-08_13-44-52.jpg 1280w, https:\/\/archive.sana.sy\/es\/wp-content\/uploads\/2022\/07\/photo_2022-07-08_13-44-52-300x193.jpg 300w, https:\/\/archive.sana.sy\/es\/wp-content\/uploads\/2022\/07\/photo_2022-07-08_13-44-52-1024x658.jpg 1024w, https:\/\/archive.sana.sy\/es\/wp-content\/uploads\/2022\/07\/photo_2022-07-08_13-44-52-150x96.jpg 150w, https:\/\/archive.sana.sy\/es\/wp-content\/uploads\/2022\/07\/photo_2022-07-08_13-44-52-768x493.jpg 768w\" sizes=\"(max-width: 1280px) 100vw, 1280px\" \/><\/a>\n\t\t\t<\/div><\/figure><figure class='gallery-item'>\n\t\t\t<div class='gallery-icon landscape'>\n\t\t\t\t<a href='https:\/\/archive.sana.sy\/es\/?attachment_id=242387'><img loading=\"lazy\" decoding=\"async\" width=\"1280\" height=\"815\" src=\"https:\/\/archive.sana.sy\/es\/wp-content\/uploads\/2022\/07\/photo_2022-07-08_13-49-17.jpg\" class=\"attachment-full size-full\" alt=\"\" srcset=\"https:\/\/archive.sana.sy\/es\/wp-content\/uploads\/2022\/07\/photo_2022-07-08_13-49-17.jpg 1280w, https:\/\/archive.sana.sy\/es\/wp-content\/uploads\/2022\/07\/photo_2022-07-08_13-49-17-300x191.jpg 300w, https:\/\/archive.sana.sy\/es\/wp-content\/uploads\/2022\/07\/photo_2022-07-08_13-49-17-1024x652.jpg 1024w, https:\/\/archive.sana.sy\/es\/wp-content\/uploads\/2022\/07\/photo_2022-07-08_13-49-17-150x96.jpg 150w, https:\/\/archive.sana.sy\/es\/wp-content\/uploads\/2022\/07\/photo_2022-07-08_13-49-17-768x489.jpg 768w\" sizes=\"(max-width: 1280px) 100vw, 1280px\" \/><\/a>\n\t\t\t<\/div><\/figure>\n\t\t<\/div>\n\n<p style=\"text-align: justify;\">\n","protected":false},"excerpt":{"rendered":"<p>Alepo, 8 jul (SANA)\u00a0 El presidente Bashar al-Asaad, visit\u00f3 hoy la provincia de Alepo en el norte de Siria, donde se reuni\u00f3 con los expertos, trabajadores y t\u00e9cnicos que lograron reconstruir la quinta unidad de generaci\u00f3n de la central el\u00e9ctrica de Alepo con una capacidad de 200 megavatios. Hace seis a\u00f1os, los soldados del ej\u00e9rcito &hellip;<\/p>\n","protected":false},"author":39,"featured_media":242380,"comment_status":"closed","ping_status":"closed","sticky":false,"template":"","format":"standard","meta":{"footnotes":""},"categories":[597,476,16237,583,626],"tags":[],"class_list":["post-242379","post","type-post","status-publish","format-standard","has-post-thumbnail","","category-cinta-de-noticias","category-locales","category-presidence-de-la-republique-arabe-syria","category-slide","category-sr-presidente"],"_links":{"self":[{"href":"https:\/\/archive.sana.sy\/es\/index.php?rest_route=\/wp\/v2\/posts\/242379"}],"collection":[{"href":"https:\/\/archive.sana.sy\/es\/index.php?rest_route=\/wp\/v2\/posts"}],"about":[{"href":"https:\/\/archive.sana.sy\/es\/index.php?rest_route=\/wp\/v2\/types\/post"}],"author":[{"embeddable":true,"href":"https:\/\/archive.sana.sy\/es\/index.php?rest_route=\/wp\/v2\/users\/39"}],"replies":[{"embeddable":true,"href":"https:\/\/archive.sana.sy\/es\/index.php?rest_route=%2Fwp%2Fv2%2Fcomments&post=242379"}],"version-history":[{"count":0,"href":"https:\/\/archive.sana.sy\/es\/index.php?rest_route=\/wp\/v2\/posts\/242379\/revisions"}],"wp:featuredmedia":[{"embeddable":true,"href":"https:\/\/archive.sana.sy\/es\/index.php?rest_route=\/wp\/v2\/media\/242380"}],"wp:attachment":[{"href":"https:\/\/archive.sana.sy\/es\/index.php?rest_route=%2Fwp%2Fv2%2Fmedia&parent=242379"}],"wp:term":[{"taxonomy":"category","embeddable":true,"href":"https:\/\/archive.sana.sy\/es\/index.php?rest_route=%2Fwp%2Fv2%2Fcategories&post=242379"},{"taxonomy":"post_tag","embeddable":true,"href":"https:\/\/archive.sana.sy\/es\/index.php?rest_route=%2Fwp%2Fv2%2Ftags&post=242379"}],"curies":[{"name":"wp","href":"https:\/\/api.w.org\/{rel}","templated":true}]}}