{"id":242467,"date":"2022-07-08T17:35:21","date_gmt":"2022-07-08T14:35:21","guid":{"rendered":"http:\/\/107.6.182.27\/es\/?p=242467"},"modified":"2022-07-08T22:20:47","modified_gmt":"2022-07-08T19:20:47","slug":"asociacion-benefica-distribuye-ropas-a-300-ninos-sirios","status":"publish","type":"post","link":"https:\/\/archive.sana.sy\/es\/?p=242467","title":{"rendered":"Asociaci\u00f3n ben\u00e9fica distribuye ropas a 300 ni\u00f1os sirios"},"content":{"rendered":"<p style=\"text-align: justify;\"><span style=\"color: #800000;\"><strong>Hasakeh, 08 jul (SANA)\u00a0 \u00a0<\/strong><\/span>Con motivo de Eid al-Adha (fiesta musulmana del sacrificio), la Asociaci\u00f3n Ben\u00e9fica Siria \u201cAl-Yamamah\u201d, bajo la supervisi\u00f3n de la Direcci\u00f3n de Asuntos Sociales de Siria, distribuy\u00f3 ropas nuevas a casi 300 ni\u00f1os en la ciudad de Hasakeh.<\/p>\n<p style=\"text-align: justify;\">Seg\u00fan el jefe de la Asociaci\u00f3n, Saeed Al-Khedr, esta iniciativa incluy\u00f3 los ni\u00f1os con discapacidades, hu\u00e9rfanos, autistas y con c\u00e1ncer de 4 a 14 a\u00f1os de edad.<\/p>\n<p style=\"text-align: justify;\">Es de se\u00f1alar que algunas asociaciones civiles en las ciudades de Hasakeh y Qamishli realizar\u00e1n iniciativas similares durante los d\u00edas de la fiesta de Al-Adha destinadas a brindar asistencia a familias necesitadas y desplazadas.<\/p>\n<p style=\"text-align: justify;\">rr\/fm<\/p>\n<p>&nbsp;<\/p>\n<div id='gallery-1' class='gallery galleryid-242467 gallery-columns-1 gallery-size-full'><figure class='gallery-item'>\n\t\t\t<div class='gallery-icon landscape'>\n\t\t\t\t<a href='https:\/\/archive.sana.sy\/es\/wp-content\/uploads\/2022\/07\/photo_2022-07-08_17-49-07-scaled.jpg'><img loading=\"lazy\" decoding=\"async\" width=\"2560\" height=\"1439\" src=\"https:\/\/archive.sana.sy\/es\/wp-content\/uploads\/2022\/07\/photo_2022-07-08_17-49-07-scaled.jpg\" class=\"attachment-full size-full\" alt=\"\" srcset=\"https:\/\/archive.sana.sy\/es\/wp-content\/uploads\/2022\/07\/photo_2022-07-08_17-49-07-scaled.jpg 2560w, https:\/\/archive.sana.sy\/es\/wp-content\/uploads\/2022\/07\/photo_2022-07-08_17-49-07-300x169.jpg 300w, https:\/\/archive.sana.sy\/es\/wp-content\/uploads\/2022\/07\/photo_2022-07-08_17-49-07-1024x576.jpg 1024w, https:\/\/archive.sana.sy\/es\/wp-content\/uploads\/2022\/07\/photo_2022-07-08_17-49-07-150x84.jpg 150w, https:\/\/archive.sana.sy\/es\/wp-content\/uploads\/2022\/07\/photo_2022-07-08_17-49-07-768x432.jpg 768w, https:\/\/archive.sana.sy\/es\/wp-content\/uploads\/2022\/07\/photo_2022-07-08_17-49-07-1536x864.jpg 1536w, https:\/\/archive.sana.sy\/es\/wp-content\/uploads\/2022\/07\/photo_2022-07-08_17-49-07-2048x1151.jpg 2048w\" sizes=\"(max-width: 2560px) 100vw, 2560px\" \/><\/a>\n\t\t\t<\/div><\/figure><figure class='gallery-item'>\n\t\t\t<div class='gallery-icon landscape'>\n\t\t\t\t<a href='https:\/\/archive.sana.sy\/es\/wp-content\/uploads\/2022\/07\/photo_2022-07-08_17-49-13-scaled.jpg'><img loading=\"lazy\" decoding=\"async\" width=\"2560\" height=\"1563\" src=\"https:\/\/archive.sana.sy\/es\/wp-content\/uploads\/2022\/07\/photo_2022-07-08_17-49-13-scaled.jpg\" class=\"attachment-full size-full\" alt=\"\" srcset=\"https:\/\/archive.sana.sy\/es\/wp-content\/uploads\/2022\/07\/photo_2022-07-08_17-49-13-scaled.jpg 2560w, https:\/\/archive.sana.sy\/es\/wp-content\/uploads\/2022\/07\/photo_2022-07-08_17-49-13-300x183.jpg 300w, https:\/\/archive.sana.sy\/es\/wp-content\/uploads\/2022\/07\/photo_2022-07-08_17-49-13-1024x625.jpg 1024w, https:\/\/archive.sana.sy\/es\/wp-content\/uploads\/2022\/07\/photo_2022-07-08_17-49-13-150x92.jpg 150w, https:\/\/archive.sana.sy\/es\/wp-content\/uploads\/2022\/07\/photo_2022-07-08_17-49-13-768x469.jpg 768w, https:\/\/archive.sana.sy\/es\/wp-content\/uploads\/2022\/07\/photo_2022-07-08_17-49-13-1536x938.jpg 1536w, https:\/\/archive.sana.sy\/es\/wp-content\/uploads\/2022\/07\/photo_2022-07-08_17-49-13-2048x1250.jpg 2048w\" sizes=\"(max-width: 2560px) 100vw, 2560px\" \/><\/a>\n\t\t\t<\/div><\/figure><figure class='gallery-item'>\n\t\t\t<div class='gallery-icon landscape'>\n\t\t\t\t<a href='https:\/\/archive.sana.sy\/es\/wp-content\/uploads\/2022\/07\/photo_2022-07-08_17-49-15-scaled.jpg'><img loading=\"lazy\" decoding=\"async\" width=\"2560\" height=\"1442\" src=\"https:\/\/archive.sana.sy\/es\/wp-content\/uploads\/2022\/07\/photo_2022-07-08_17-49-15-scaled.jpg\" class=\"attachment-full size-full\" alt=\"\" srcset=\"https:\/\/archive.sana.sy\/es\/wp-content\/uploads\/2022\/07\/photo_2022-07-08_17-49-15-scaled.jpg 2560w, https:\/\/archive.sana.sy\/es\/wp-content\/uploads\/2022\/07\/photo_2022-07-08_17-49-15-300x169.jpg 300w, https:\/\/archive.sana.sy\/es\/wp-content\/uploads\/2022\/07\/photo_2022-07-08_17-49-15-1024x577.jpg 1024w, https:\/\/archive.sana.sy\/es\/wp-content\/uploads\/2022\/07\/photo_2022-07-08_17-49-15-150x85.jpg 150w, https:\/\/archive.sana.sy\/es\/wp-content\/uploads\/2022\/07\/photo_2022-07-08_17-49-15-768x433.jpg 768w, https:\/\/archive.sana.sy\/es\/wp-content\/uploads\/2022\/07\/photo_2022-07-08_17-49-15-1536x865.jpg 1536w, https:\/\/archive.sana.sy\/es\/wp-content\/uploads\/2022\/07\/photo_2022-07-08_17-49-15-2048x1154.jpg 2048w\" sizes=\"(max-width: 2560px) 100vw, 2560px\" \/><\/a>\n\t\t\t<\/div><\/figure>\n\t\t<\/div>\n\n<p>&nbsp;<\/p>\n<p>&nbsp;<\/p>\n","protected":false},"excerpt":{"rendered":"<p>Hasakeh, 08 jul (SANA)\u00a0 \u00a0Con motivo de Eid al-Adha (fiesta musulmana del sacrificio), la Asociaci\u00f3n Ben\u00e9fica Siria \u201cAl-Yamamah\u201d, bajo la supervisi\u00f3n de la Direcci\u00f3n de Asuntos Sociales de Siria, distribuy\u00f3 ropas nuevas a casi 300 ni\u00f1os en la ciudad de Hasakeh. Seg\u00fan el jefe de la Asociaci\u00f3n, Saeed Al-Khedr, esta iniciativa incluy\u00f3 los ni\u00f1os con &hellip;<\/p>\n","protected":false},"author":31,"featured_media":242469,"comment_status":"closed","ping_status":"closed","sticky":false,"template":"","format":"standard","meta":{"footnotes":""},"categories":[597,476,7541],"tags":[],"class_list":["post-242467","post","type-post","status-publish","format-standard","has-post-thumbnail","","category-cinta-de-noticias","category-locales","category-ultimas-noticias"],"_links":{"self":[{"href":"https:\/\/archive.sana.sy\/es\/index.php?rest_route=\/wp\/v2\/posts\/242467"}],"collection":[{"href":"https:\/\/archive.sana.sy\/es\/index.php?rest_route=\/wp\/v2\/posts"}],"about":[{"href":"https:\/\/archive.sana.sy\/es\/index.php?rest_route=\/wp\/v2\/types\/post"}],"author":[{"embeddable":true,"href":"https:\/\/archive.sana.sy\/es\/index.php?rest_route=\/wp\/v2\/users\/31"}],"replies":[{"embeddable":true,"href":"https:\/\/archive.sana.sy\/es\/index.php?rest_route=%2Fwp%2Fv2%2Fcomments&post=242467"}],"version-history":[{"count":0,"href":"https:\/\/archive.sana.sy\/es\/index.php?rest_route=\/wp\/v2\/posts\/242467\/revisions"}],"wp:featuredmedia":[{"embeddable":true,"href":"https:\/\/archive.sana.sy\/es\/index.php?rest_route=\/wp\/v2\/media\/242469"}],"wp:attachment":[{"href":"https:\/\/archive.sana.sy\/es\/index.php?rest_route=%2Fwp%2Fv2%2Fmedia&parent=242467"}],"wp:term":[{"taxonomy":"category","embeddable":true,"href":"https:\/\/archive.sana.sy\/es\/index.php?rest_route=%2Fwp%2Fv2%2Fcategories&post=242467"},{"taxonomy":"post_tag","embeddable":true,"href":"https:\/\/archive.sana.sy\/es\/index.php?rest_route=%2Fwp%2Fv2%2Ftags&post=242467"}],"curies":[{"name":"wp","href":"https:\/\/api.w.org\/{rel}","templated":true}]}}