{"id":24250,"date":"2015-05-31T21:00:29","date_gmt":"2015-05-31T18:00:29","guid":{"rendered":"http:\/\/www.sana.sy\/es\/?p=24250"},"modified":"2015-06-01T17:40:51","modified_gmt":"2015-06-01T14:40:51","slug":"ejercito-elimina-a-terroristas-del-ei-en-los-campos-de-sweida-y-deraa","status":"publish","type":"post","link":"https:\/\/archive.sana.sy\/es\/?p=24250","title":{"rendered":"Ej\u00e9rcito elimina a terroristas del EI en los campos de Sweida y Deraa"},"content":{"rendered":"<p><span style=\"color: #800000\">Provincias, SANA<\/span><\/p>\n<p>Las unidades del ej\u00e9rcito continuaron este domingo sus operativos antiterroristas en varias \u00e1reas del pa\u00eds.<\/p>\n<p><span style=\"color: #0000ff\">Sweida<\/span><\/p>\n<p>En este contexto, una unidad castrense elimin\u00f3 a terroristas del Estado Isl\u00e1mico y les destruy\u00f3 veh\u00edculos artillados al realizar un operativo en el campo noreste de Sweida, inform\u00f3 una fuente militar.<\/p>\n<p>La fuente precis\u00f3 que el operativo se llev\u00f3 a cabo en el pueblo de Rayem al-Dawlah en los extremos del desierto sirio.<\/p>\n<p>Es de se\u00f1alar que los terroristas del EI y el Frente de al-Nousra usan las amplias superficies del desierto sirio abierto a las fronteras con Jordania e Irak para trasladar armas y muciones y atacar los pueblos del campo noreste de Sweida.<\/p>\n<p><span style=\"color: #0000ff\">Deraa<\/span><\/p>\n<p>Una fuente militar revel\u00f3 que una unidad del ej\u00e9rcito elimin\u00f3 a cabecillas de grupos terroristas al destruir el refugio donde se reun\u00edan en Sahab al sur de la represa de Deraa.<\/p>\n<p>En el campo este de Deraa, las FFAA asestaron intensos golpes a concentraciones de terroristas afiliados al Frente de al-Nousra en la localidad de al-Naima, donde destruyeron tambi\u00e9n dos refugios del llamado \u201cAknaf Beit al-Maqdes\u201d, logrando eliminar a los terroristas que se encontraban adentro.<\/p>\n<p>Las FFAA aniquilaron a terroristas junto con veh\u00edculos suyos en la carretera de Bousra al-Shaam\/ Bared, donde se despliegan numerosos terroristas del Frente de al-Nousra.<\/p>\n<p>Asimismo, una unidad castrense bombarde\u00f3 un refugio del denominado \u201cMovimiento Isl\u00e1mico de los Libres de Shaam\u201d en la localidad de al-Hrak, causando la muerte de un n\u00famero de sus terroristas.<\/p>\n<p>En el campo norte\u00f1o de la provincia, terroristas del Frente de al-Nousra y el llamado \u201cMovimiento Isl\u00e1mico de Muzanna\u201d sufrieron bajas tras operativos del ej\u00e9rcito al oeste de la localidad de Atman y cerca de la colina de Quswa.<\/p>\n<p>Al noroeste de la ciudad de Deraa, las FFAA destruyeron dep\u00f3sitos de armas y veh\u00edculos artillados de grupos terroristas en el eje de Kherbet Shahem- al-Yaruda-Mzerib.<\/p>\n<p>En paralelo, varios terroristas del Frente de al-Nousra fueron abatidos en operativos del ej\u00e9rcito al este de la colina de Qarin situada en el tri\u00e1ngulo que vincula el campo oeste de Damasco con Quneitra y Deraa.<\/p>\n<p>En la ciudad de Deraa, las FFAA realizaron una serie de operativos en varias \u00e1reas del barrio de Deraa al-Balad, en los cuales dejaron muertos o heridos a n\u00famero de terroristas.<\/p>\n<p><span style=\"color: #0000ff\">Quneitra<\/span><\/p>\n<p>En el campo noreste de Quneitra, una unidad del ej\u00e9rcito infligi\u00f3 bajas en las fila del Frente de al-Nousra al atacar concentraciones suyas en el pueblo de al-Samadaniya al-Gharbiya.<\/p>\n<p>Tambi\u00e9n, las FFAA arrasaron con numerosos terroristas entre los pueblos de Nabee al-Sakher y Masharah en los campos sureste y este de la provincia sure\u00f1a.<\/p>\n<p><span style=\"color: #0000ff\">Damasco-Campo<\/span><\/p>\n<p>Una fuente militar inform\u00f3 que una unidad del ej\u00e9rcito abati\u00f3 a 4 cabecillas de las organizaciones terroristas en las fincas de Khan Shik.<\/p>\n<p>En otro contexto, los terroristas desplegados en la zona de Duma dispararon varios proyectiles de mortero contra el campamento de Wafidin, lo que caus\u00f3 lesiones a tres personas.<\/p>\n<p><span style=\"color: #0000ff\">Idleb<\/span><\/p>\n<p>Los cazabombarderos atacaron zulos de terroristas en Bshierieh, Qaraa Ghazal, Majas y Teret Abu Duhur, dejando a numerosos muertos en sus filas.<\/p>\n<p>Una fuente militar dijo que los aviones de las fuerzas armadas bombardearon refugios de terroristas de la organizaci\u00f3n terrorista del \u00a0frente Al-Nusra en Masibin, Ariha, Hloz y Qaminas. En las ofensivas fueron eliminados o\u00a0heridos decenas de elementos de dicha organizaci\u00f3n.<\/p>\n<p>La fuente se\u00f1al\u00f3 que fueron tambi\u00e9n devastados ca\u00f1ones de morteros y varios coches equipados con ametralladoras \u00a0en otras incursiones llevadas a cabo por los cazas en Kafarlata, Maarbalit, Mastoumeh, Ain Soda y Nahleya.<\/p>\n<p>Seg\u00fan la fuente las fuerzas a\u00e9reas arrasaron con un convoy de veh\u00edculos de los terroristas del frente AL-Nusra en el eje de Nahlaya-Kafarnajed as\u00ed como exterminaron \u00a0a un n\u00famero indeterminado de terroristas en Maataren, Fanar y en las afueras de la ciudad de Saraqeb.<\/p>\n<p><span style=\"color: #0000ff\">Alepo<\/span><\/p>\n<p>En la provincia de Alepo destacamentos del ej\u00e9rcito eliminaron a un n\u00famero indeterminado de terroristas y arrasaron con sus veh\u00edculos en las inmediaciones de la academia a\u00e9rea, Zahraa, Salehin, Salahdino, Marea, Hanano, Ferdous, Bab Naser, Shaar, Bab y Shiek Letfi.<\/p>\n<p><span style=\"color: #0000ff\">Dier Ezzor<\/span><\/p>\n<p>Una fuente militar anunci\u00f3 que fueron arrasados escondites del DAESH y abatidos terroristas de esta organizaci\u00f3n terrorista en incursiones llevadas a cabo por aviones de la fuerza a\u00e9reas en Jafra y Hatleh en la campi\u00f1a de la provincia.<\/p>\n<p>La fuente agreg\u00f3 que fueron abatidos terroristas del EIIL al este del aeropuerto militar y en Hwejet Saqer, adem\u00e1s de destruirles un ca\u00f1\u00f3n mortero.<\/p>\n<p>Lynn A.\/Y.K.<\/p>\n","protected":false},"excerpt":{"rendered":"<p>Provincias, SANA Las unidades del ej\u00e9rcito continuaron este domingo sus operativos antiterroristas en varias \u00e1reas del pa\u00eds. Sweida En este contexto, una unidad castrense elimin\u00f3 a terroristas del Estado Isl\u00e1mico y les destruy\u00f3 veh\u00edculos artillados al realizar un operativo en el campo noreste de Sweida, inform\u00f3 una fuente militar. La fuente precis\u00f3 que el operativo &hellip;<\/p>\n","protected":false},"author":24,"featured_media":23495,"comment_status":"closed","ping_status":"closed","sticky":false,"template":"","format":"standard","meta":{"footnotes":""},"categories":[573],"tags":[5477],"class_list":["post-24250","post","type-post","status-publish","format-standard","has-post-thumbnail","","category-la-realidad-de-los-acontecimientos-en-siria","tag-ejercito-elimina-a-terroristas-del-ei-en-los-campos-de-sweida-y-deraa"],"_links":{"self":[{"href":"https:\/\/archive.sana.sy\/es\/index.php?rest_route=\/wp\/v2\/posts\/24250"}],"collection":[{"href":"https:\/\/archive.sana.sy\/es\/index.php?rest_route=\/wp\/v2\/posts"}],"about":[{"href":"https:\/\/archive.sana.sy\/es\/index.php?rest_route=\/wp\/v2\/types\/post"}],"author":[{"embeddable":true,"href":"https:\/\/archive.sana.sy\/es\/index.php?rest_route=\/wp\/v2\/users\/24"}],"replies":[{"embeddable":true,"href":"https:\/\/archive.sana.sy\/es\/index.php?rest_route=%2Fwp%2Fv2%2Fcomments&post=24250"}],"version-history":[{"count":0,"href":"https:\/\/archive.sana.sy\/es\/index.php?rest_route=\/wp\/v2\/posts\/24250\/revisions"}],"wp:featuredmedia":[{"embeddable":true,"href":"https:\/\/archive.sana.sy\/es\/index.php?rest_route=\/wp\/v2\/media\/23495"}],"wp:attachment":[{"href":"https:\/\/archive.sana.sy\/es\/index.php?rest_route=%2Fwp%2Fv2%2Fmedia&parent=24250"}],"wp:term":[{"taxonomy":"category","embeddable":true,"href":"https:\/\/archive.sana.sy\/es\/index.php?rest_route=%2Fwp%2Fv2%2Fcategories&post=24250"},{"taxonomy":"post_tag","embeddable":true,"href":"https:\/\/archive.sana.sy\/es\/index.php?rest_route=%2Fwp%2Fv2%2Ftags&post=24250"}],"curies":[{"name":"wp","href":"https:\/\/api.w.org\/{rel}","templated":true}]}}