{"id":242505,"date":"2022-07-09T08:00:08","date_gmt":"2022-07-09T05:00:08","guid":{"rendered":"http:\/\/107.6.182.27\/es\/?p=242505"},"modified":"2022-07-09T11:33:45","modified_gmt":"2022-07-09T08:33:45","slug":"presidente-al-assad-felicita-a-las-fuerzas-armadas-sirias-por-eid-al-fitr","status":"publish","type":"post","link":"https:\/\/archive.sana.sy\/es\/?p=242505","title":{"rendered":"Presidente al-Assad felicita a las fuerzas armadas sirias por Eid al-Fitr"},"content":{"rendered":"<p style=\"text-align: justify;\"><span style=\"color: #800000;\"><strong>Damasco, 9 jul (SANA)\u00a0<\/strong> <\/span>El Comandante en Jefe del Ej\u00e9rcito y las Fuerzas Armadas de Siria, el teniente general y presidente Bashar al-Assad, expres\u00f3 sus sinceras felicitaciones a los militares sirios con la ocasi\u00f3n de Eid al-Adha (Fiesta musulmana del sacrificio).<\/p>\n<p style=\"text-align: justify;\">El presidente les dese\u00f3 a los regulares y a sus familias y a todo el pueblo sirio salud, bienestar, seguridad y paz.<\/p>\n<p style=\"text-align: justify;\">Esper\u00f3 que el pr\u00f3ximo Eid Siria est\u00e9 liberada del terrorismo y sus partidarios, y de la ocupaci\u00f3n y sus mercenarios, y que recupere su gloria y su posici\u00f3n central en la regi\u00f3n y el mundo.<\/p>\n<p style=\"text-align: justify;\">El mandatario pidi\u00f3 paz para las almas de los m\u00e1rtires y recuperaci\u00f3n pronta de los heridos.<\/p>\n<p style=\"text-align: justify;\">fm<\/p>\n","protected":false},"excerpt":{"rendered":"<p>Damasco, 9 jul (SANA)\u00a0 El Comandante en Jefe del Ej\u00e9rcito y las Fuerzas Armadas de Siria, el teniente general y presidente Bashar al-Assad, expres\u00f3 sus sinceras felicitaciones a los militares sirios con la ocasi\u00f3n de Eid al-Adha (Fiesta musulmana del sacrificio). El presidente les dese\u00f3 a los regulares y a sus familias y a todo &hellip;<\/p>\n","protected":false},"author":34,"featured_media":242512,"comment_status":"closed","ping_status":"closed","sticky":false,"template":"","format":"standard","meta":{"footnotes":""},"categories":[447,477,597,20724,476,457,583],"tags":[],"class_list":["post-242505","post","type-post","status-publish","format-standard","has-post-thumbnail","","category-local-politica","category-noticias-edulcorantes","category-cinta-de-noticias","category-minuto-a-minuto","category-locales","category-noticias-arabe-internacional-politica","category-slide"],"_links":{"self":[{"href":"https:\/\/archive.sana.sy\/es\/index.php?rest_route=\/wp\/v2\/posts\/242505"}],"collection":[{"href":"https:\/\/archive.sana.sy\/es\/index.php?rest_route=\/wp\/v2\/posts"}],"about":[{"href":"https:\/\/archive.sana.sy\/es\/index.php?rest_route=\/wp\/v2\/types\/post"}],"author":[{"embeddable":true,"href":"https:\/\/archive.sana.sy\/es\/index.php?rest_route=\/wp\/v2\/users\/34"}],"replies":[{"embeddable":true,"href":"https:\/\/archive.sana.sy\/es\/index.php?rest_route=%2Fwp%2Fv2%2Fcomments&post=242505"}],"version-history":[{"count":0,"href":"https:\/\/archive.sana.sy\/es\/index.php?rest_route=\/wp\/v2\/posts\/242505\/revisions"}],"wp:featuredmedia":[{"embeddable":true,"href":"https:\/\/archive.sana.sy\/es\/index.php?rest_route=\/wp\/v2\/media\/242512"}],"wp:attachment":[{"href":"https:\/\/archive.sana.sy\/es\/index.php?rest_route=%2Fwp%2Fv2%2Fmedia&parent=242505"}],"wp:term":[{"taxonomy":"category","embeddable":true,"href":"https:\/\/archive.sana.sy\/es\/index.php?rest_route=%2Fwp%2Fv2%2Fcategories&post=242505"},{"taxonomy":"post_tag","embeddable":true,"href":"https:\/\/archive.sana.sy\/es\/index.php?rest_route=%2Fwp%2Fv2%2Ftags&post=242505"}],"curies":[{"name":"wp","href":"https:\/\/api.w.org\/{rel}","templated":true}]}}