{"id":24259,"date":"2015-05-31T17:08:22","date_gmt":"2015-05-31T14:08:22","guid":{"rendered":"http:\/\/www.sana.sy\/es\/?p=24259"},"modified":"2015-06-01T18:20:21","modified_gmt":"2015-06-01T15:20:21","slug":"cancilleria-denuncia-energicamente-decision-de-la-ue-de-prorrogar-las-medidas-unilaterales-impuestas-sobre-siria","status":"publish","type":"post","link":"https:\/\/archive.sana.sy\/es\/?p=24259","title":{"rendered":"Canciller\u00eda denuncia en\u00e9rgicamente decisi\u00f3n de la UE de prorrogar las medidas unilaterales impuestas sobre Siria"},"content":{"rendered":"<p><span style=\"color: #800000\">Damasco, SANA<\/span><\/p>\n<p>Siria denunci\u00f3 la decisi\u00f3n de la Uni\u00f3n Europea de extender las sanciones unilaterales impuestas sobre Siria por un a\u00f1o m\u00e1s, declar\u00f3 una fuente oficial en la Canciller\u00eda a SANA.<\/p>\n<p>La fuente a\u00f1adi\u00f3 que esta decisi\u00f3n revela que la UE es un c\u00f3mplice principal en la conspiraci\u00f3n tramada contra Siria, a trav\u00e9s de garantizar el apoyo, incluido el armament\u00edstico, por parte de algunos de sus Estados miembros a las organizaciones terroristas, torpedear todas las iniciativas y los esfuerzos encaminados a resolver la crisis actual, y golpear la vida de los ciudadanos sirios mediante estas injustas sanciones.<\/p>\n<p>La fuente continu\u00f3 que Siria insta a los pa\u00edses de la UE quienes expresaron en p\u00fablico su insatisfacci\u00f3n por el m\u00e9todo que aplican Francia y Gran Breta\u00f1a a los pa\u00edses miembros de la UE y por la implicaci\u00f3n de esta \u00faltima en pol\u00edticas que no sirven sus intereses, inst\u00e1ndoles a que se esfuercen para poner fin a estas pol\u00edticas err\u00f3neas.<\/p>\n<p>La fuente concluy\u00f3 diciendo que el m\u00e9todo seguido por la Uni\u00f3n Europea representa una seria amenaza para la seguridad, estabilidad y la paz no solamente en Siria y la regi\u00f3n sino tambi\u00e9n en los propios pa\u00edses de la Uni\u00f3n.<\/p>\n<p>Es de se\u00f1alar que la UE decidi\u00f3 el jueves pasado prorrogar por un a\u00f1o m\u00e1s las sanciones unilaterales que hab\u00eda impuesto paulatinamente sobre Siria desde el a\u00f1o 2011, en un intento para ejercer presiones sobre el pueblo sirio y su liderazgo para que cambien sus posturas.<\/p>\n<p>Estas sanciones alcanzan todos los sectores vitales en Siria, entre los cuales figuran la salud, el petr\u00f3leo, la electricidad y la alimentaci\u00f3n.<\/p>\n<p>&nbsp;<\/p>\n<p>Lynn A., Riyad Sh.<\/p>\n","protected":false},"excerpt":{"rendered":"<p>Damasco, SANA Siria denunci\u00f3 la decisi\u00f3n de la Uni\u00f3n Europea de extender las sanciones unilaterales impuestas sobre Siria por un a\u00f1o m\u00e1s, declar\u00f3 una fuente oficial en la Canciller\u00eda a SANA. La fuente a\u00f1adi\u00f3 que esta decisi\u00f3n revela que la UE es un c\u00f3mplice principal en la conspiraci\u00f3n tramada contra Siria, a trav\u00e9s de garantizar &hellip;<\/p>\n","protected":false},"author":24,"featured_media":6250,"comment_status":"closed","ping_status":"closed","sticky":false,"template":"","format":"standard","meta":{"footnotes":""},"categories":[477,476],"tags":[],"class_list":["post-24259","post","type-post","status-publish","format-standard","has-post-thumbnail","","category-noticias-edulcorantes","category-locales"],"_links":{"self":[{"href":"https:\/\/archive.sana.sy\/es\/index.php?rest_route=\/wp\/v2\/posts\/24259"}],"collection":[{"href":"https:\/\/archive.sana.sy\/es\/index.php?rest_route=\/wp\/v2\/posts"}],"about":[{"href":"https:\/\/archive.sana.sy\/es\/index.php?rest_route=\/wp\/v2\/types\/post"}],"author":[{"embeddable":true,"href":"https:\/\/archive.sana.sy\/es\/index.php?rest_route=\/wp\/v2\/users\/24"}],"replies":[{"embeddable":true,"href":"https:\/\/archive.sana.sy\/es\/index.php?rest_route=%2Fwp%2Fv2%2Fcomments&post=24259"}],"version-history":[{"count":0,"href":"https:\/\/archive.sana.sy\/es\/index.php?rest_route=\/wp\/v2\/posts\/24259\/revisions"}],"wp:featuredmedia":[{"embeddable":true,"href":"https:\/\/archive.sana.sy\/es\/index.php?rest_route=\/wp\/v2\/media\/6250"}],"wp:attachment":[{"href":"https:\/\/archive.sana.sy\/es\/index.php?rest_route=%2Fwp%2Fv2%2Fmedia&parent=24259"}],"wp:term":[{"taxonomy":"category","embeddable":true,"href":"https:\/\/archive.sana.sy\/es\/index.php?rest_route=%2Fwp%2Fv2%2Fcategories&post=24259"},{"taxonomy":"post_tag","embeddable":true,"href":"https:\/\/archive.sana.sy\/es\/index.php?rest_route=%2Fwp%2Fv2%2Ftags&post=24259"}],"curies":[{"name":"wp","href":"https:\/\/api.w.org\/{rel}","templated":true}]}}