{"id":24267,"date":"2015-05-31T16:03:01","date_gmt":"2015-05-31T13:03:01","guid":{"rendered":"http:\/\/www.sana.sy\/es\/?p=24267"},"modified":"2015-05-31T16:03:01","modified_gmt":"2015-05-31T13:03:01","slug":"el-patriarca-yazaji-llama-a-posicionarse-con-siria","status":"publish","type":"post","link":"https:\/\/archive.sana.sy\/es\/?p=24267","title":{"rendered":"El patriarca Yazaji llama a posicionarse con Siria"},"content":{"rendered":"<p><span style=\"color: #800000\">Beirut, SANA<\/span><\/p>\n<p>El patriarca de Antioqu\u00eda y todo el Oriente para Greco-ortodoxos, Yohanna X Yazaji, subray\u00f3 la necesidad de encontrar una soluci\u00f3n pol\u00edtica a la crisis en Siria y llam\u00f3 a posicionarse con Siria frente a la guerra terrorista.<\/p>\n<p>\u201cRezamos por Siria que esta pasando enormes facturas\u2026 oramos por la paz y la esperanza\u2026 y llamamos al mundo a mirar con humanidad a lo que esta pasando, y rogamos a todos a activar la l\u00f3gica del di\u00e1logo y la soluci\u00f3n pol\u00edtica pac\u00edfica en compasi\u00f3n por el Hombre\u201d, dijo el patriarca en la misa de hoy.<\/p>\n<p>El patriarca denunci\u00f3 el \u201csilencio internacional sospechoso\u201d sobre los obispos Yohanna Ibrahim y Boulos Yazaji, secuestrados en el campo de Alepo.<\/p>\n<p>Horas antes el patriarca Yazaji se hab\u00eda reunido con el muft\u00ed de la Rep\u00fablica Libanesa Abdul-Latif Darian ante quien afirm\u00f3 la necesidad de desechar el terrorismo extra\u00f1o al tejido social de Oriente, destacando la importancia de preservar la estabilidad y la paz mediante la consolidaci\u00f3n del discurso religioso moderado y los valores de tolerancia interreligiosa.<br \/>\nLynn A., Riyad Sh.<\/p>\n","protected":false},"excerpt":{"rendered":"<p>Beirut, SANA El patriarca de Antioqu\u00eda y todo el Oriente para Greco-ortodoxos, Yohanna X Yazaji, subray\u00f3 la necesidad de encontrar una soluci\u00f3n pol\u00edtica a la crisis en Siria y llam\u00f3 a posicionarse con Siria frente a la guerra terrorista. \u201cRezamos por Siria que esta pasando enormes facturas\u2026 oramos por la paz y la esperanza\u2026 y &hellip;<\/p>\n","protected":false},"author":24,"featured_media":6732,"comment_status":"closed","ping_status":"closed","sticky":false,"template":"","format":"standard","meta":{"footnotes":""},"categories":[456,457,576],"tags":[5480],"class_list":["post-24267","post","type-post","status-publish","format-standard","has-post-thumbnail","","category-arabe-internacional-politica","category-noticias-arabe-internacional-politica","category-noticias-politicas","tag-el-patriarca-yazaji-llama-a-posicionarse-con-siria"],"_links":{"self":[{"href":"https:\/\/archive.sana.sy\/es\/index.php?rest_route=\/wp\/v2\/posts\/24267"}],"collection":[{"href":"https:\/\/archive.sana.sy\/es\/index.php?rest_route=\/wp\/v2\/posts"}],"about":[{"href":"https:\/\/archive.sana.sy\/es\/index.php?rest_route=\/wp\/v2\/types\/post"}],"author":[{"embeddable":true,"href":"https:\/\/archive.sana.sy\/es\/index.php?rest_route=\/wp\/v2\/users\/24"}],"replies":[{"embeddable":true,"href":"https:\/\/archive.sana.sy\/es\/index.php?rest_route=%2Fwp%2Fv2%2Fcomments&post=24267"}],"version-history":[{"count":0,"href":"https:\/\/archive.sana.sy\/es\/index.php?rest_route=\/wp\/v2\/posts\/24267\/revisions"}],"wp:featuredmedia":[{"embeddable":true,"href":"https:\/\/archive.sana.sy\/es\/index.php?rest_route=\/wp\/v2\/media\/6732"}],"wp:attachment":[{"href":"https:\/\/archive.sana.sy\/es\/index.php?rest_route=%2Fwp%2Fv2%2Fmedia&parent=24267"}],"wp:term":[{"taxonomy":"category","embeddable":true,"href":"https:\/\/archive.sana.sy\/es\/index.php?rest_route=%2Fwp%2Fv2%2Fcategories&post=24267"},{"taxonomy":"post_tag","embeddable":true,"href":"https:\/\/archive.sana.sy\/es\/index.php?rest_route=%2Fwp%2Fv2%2Ftags&post=24267"}],"curies":[{"name":"wp","href":"https:\/\/api.w.org\/{rel}","templated":true}]}}