{"id":242681,"date":"2022-07-10T08:02:50","date_gmt":"2022-07-10T05:02:50","guid":{"rendered":"http:\/\/107.6.182.27\/es\/?p=242681"},"modified":"2023-01-10T15:56:21","modified_gmt":"2023-01-10T13:56:21","slug":"presidente-cubano-tilda-de-ridiculo-anuncio-de-eeuu-contra-cuba","status":"publish","type":"post","link":"https:\/\/archive.sana.sy\/es\/?p=242681","title":{"rendered":"Presidente cubano tilda de rid\u00edculo anuncio de EEUU contra Cuba"},"content":{"rendered":"<blockquote>\n<p style=\"text-align: justify;\"><span style=\"color: #993300;\"><strong>\u201cRid\u00edculo anuncio del Gobierno imperial. El pueblo cubano siempre derrotar\u00e1 la agresi\u00f3n del imperio\u201d, escribi\u00f3 el mandatario de la isla en su cuenta oficial en Twitter en su comentario sobre el anuncio de Estados Unidos de establecer restricciones de visa para 28 funcionarios y empleados del Gobierno y del Partido Comunista de Cuba (PCC).<\/strong><\/span><\/p>\n<\/blockquote>\n<p style=\"text-align: justify;\"><span style=\"color: #993300;\"><strong>La Habana, 10 jul (SANA)<\/strong> <\/span>El presidente cubano Miguel D\u00edaz-Canel calific\u00f3 de rid\u00edculo el anuncio de Estados Unidos que establece restricciones de visa para 28 funcionarios y empleados del Gobierno y del Partido Comunista de Cuba (PCC).<\/p>\n<p style=\"text-align: justify;\">\u201cRid\u00edculo anuncio del Gobierno imperial. El pueblo cubano siempre derrotar\u00e1 la agresi\u00f3n del imperio\u201d, escribi\u00f3 el mandatario de la isla en su cuenta oficial en Twitter.<\/p>\n<p style=\"text-align: justify;\">Seg\u00fan reportes de la agencia Prensa Latina, el secretario de Estado norteamericano, Antony Blinken, inform\u00f3 que, de conformidad con la Proclamaci\u00f3n Presidencial 5377, los 28 empleados del Gobierno y miembros de alto rango del PCC tienen prohibida la entrada al territorio estadounidense.<\/p>\n<p style=\"text-align: justify;\">Autoridades de la naci\u00f3n caribe\u00f1a condenaron la nueva medida coercitiva y aseguraron que ello forma parte de la escalada agresiva impulsada desde la Casa Blanca.<\/p>\n<p style=\"text-align: justify;\">fm<\/p>\n","protected":false},"excerpt":{"rendered":"<p>\u201cRid\u00edculo anuncio del Gobierno imperial. El pueblo cubano siempre derrotar\u00e1 la agresi\u00f3n del imperio\u201d, escribi\u00f3 el mandatario de la isla en su cuenta oficial en Twitter en su comentario sobre el anuncio de Estados Unidos de establecer restricciones de visa para 28 funcionarios y empleados del Gobierno y del Partido Comunista de Cuba (PCC). La &hellip;<\/p>\n","protected":false},"author":34,"featured_media":242682,"comment_status":"closed","ping_status":"closed","sticky":false,"template":"","format":"standard","meta":{"footnotes":""},"categories":[456,20724,7541],"tags":[],"class_list":["post-242681","post","type-post","status-publish","format-standard","has-post-thumbnail","","category-arabe-internacional-politica","category-minuto-a-minuto","category-ultimas-noticias"],"_links":{"self":[{"href":"https:\/\/archive.sana.sy\/es\/index.php?rest_route=\/wp\/v2\/posts\/242681"}],"collection":[{"href":"https:\/\/archive.sana.sy\/es\/index.php?rest_route=\/wp\/v2\/posts"}],"about":[{"href":"https:\/\/archive.sana.sy\/es\/index.php?rest_route=\/wp\/v2\/types\/post"}],"author":[{"embeddable":true,"href":"https:\/\/archive.sana.sy\/es\/index.php?rest_route=\/wp\/v2\/users\/34"}],"replies":[{"embeddable":true,"href":"https:\/\/archive.sana.sy\/es\/index.php?rest_route=%2Fwp%2Fv2%2Fcomments&post=242681"}],"version-history":[{"count":0,"href":"https:\/\/archive.sana.sy\/es\/index.php?rest_route=\/wp\/v2\/posts\/242681\/revisions"}],"wp:featuredmedia":[{"embeddable":true,"href":"https:\/\/archive.sana.sy\/es\/index.php?rest_route=\/wp\/v2\/media\/242682"}],"wp:attachment":[{"href":"https:\/\/archive.sana.sy\/es\/index.php?rest_route=%2Fwp%2Fv2%2Fmedia&parent=242681"}],"wp:term":[{"taxonomy":"category","embeddable":true,"href":"https:\/\/archive.sana.sy\/es\/index.php?rest_route=%2Fwp%2Fv2%2Fcategories&post=242681"},{"taxonomy":"post_tag","embeddable":true,"href":"https:\/\/archive.sana.sy\/es\/index.php?rest_route=%2Fwp%2Fv2%2Ftags&post=242681"}],"curies":[{"name":"wp","href":"https:\/\/api.w.org\/{rel}","templated":true}]}}