{"id":242708,"date":"2022-07-10T11:04:48","date_gmt":"2022-07-10T08:04:48","guid":{"rendered":"http:\/\/107.6.182.27\/es\/?p=242708"},"modified":"2023-01-10T14:03:22","modified_gmt":"2023-01-10T12:03:22","slug":"presidentes-de-siria-e-iran-abogan-por-elevar-cooperacion-y-fortalecer-accion-conjunta-ante-los-retos","status":"publish","type":"post","link":"https:\/\/archive.sana.sy\/es\/?p=242708","title":{"rendered":"Presidentes de Siria e Ir\u00e1n abogan por elevar cooperaci\u00f3n y fortalecer acci\u00f3n conjunta ante los retos"},"content":{"rendered":"<blockquote>\n<p style=\"text-align: justify\"><em><span style=\"color: #800000\">En una conversaci\u00f3n telef\u00f3nica, los dos mandatarios expresaron intercambian felicitaciones con motivo de Eid al-Adha (fiesta musulmana de sacrificio), y expresaron sus mejores votos de prosperidad y bienestar para los dos pueblos amigos, y progreso para las relaciones bilaterales.<\/span><\/em><\/p>\n<\/blockquote>\n<p style=\"text-align: justify\"><span style=\"color: #800000\"><strong>Damasco, 10 jul (SANA)<\/strong><\/span> El presidente Bashar al-Assad y su hom\u00f3logo iran\u00ed Ibrahim Raisi, intercambian hoy felicitaciones con motivo de Eid al-Adha (fiesta musulmana de sacrificio).<\/p>\n<p style=\"text-align: justify\">En una conversaci\u00f3n telef\u00f3nica, los dos mandatarios expresaron sus mejores votos de prosperidad y bienestar para los dos pueblos amigos, y progreso para las relaciones bilaterales.<\/p>\n<p style=\"text-align: justify\">Asimismo, el presidente al-Assad trasmiti\u00f3 sus m\u00e1s sinceras felicitaciones al l\u00edder de la Revoluci\u00f3n Isl\u00e1mica de Ir\u00e1n, Sayyed Ali Khamenei.<\/p>\n<p style=\"text-align: justify\">Ambos jefes de Estado abordaron las v\u00edas de elevar la cooperaci\u00f3n binacional para que incluya nuevas \u00e1reas que contribuyan a materializar los intereses de los dos pa\u00edses y sus pueblos, adem\u00e1s de dar seguimiento a la implementaci\u00f3n de los acuerdos ya firmados entre ambas partes.<\/p>\n<p style=\"text-align: justify\">Las conversaciones giraron tambi\u00e9n en torno de la situaci\u00f3n en la regi\u00f3n y los \u00faltimos acontecimientos en los escenarios regional e internacional. Al respecto, enfatizaron la importancia de mantener una acci\u00f3n conjunta y apoyo mutuo en muchos temas con el fin de hacer cara a los retos que enfrentan a los dos pa\u00edses y a toda la regi\u00f3n.<\/p>\n<p style=\"text-align: justify\">la\/fm<\/p>\n","protected":false},"excerpt":{"rendered":"<p>En una conversaci\u00f3n telef\u00f3nica, los dos mandatarios expresaron intercambian felicitaciones con motivo de Eid al-Adha (fiesta musulmana de sacrificio), y expresaron sus mejores votos de prosperidad y bienestar para los dos pueblos amigos, y progreso para las relaciones bilaterales. Damasco, 10 jul (SANA) El presidente Bashar al-Assad y su hom\u00f3logo iran\u00ed Ibrahim Raisi, intercambian hoy &hellip;<\/p>\n","protected":false},"author":24,"featured_media":242719,"comment_status":"closed","ping_status":"closed","sticky":false,"template":"","format":"standard","meta":{"footnotes":""},"categories":[447,597,16237,583,626],"tags":[],"class_list":["post-242708","post","type-post","status-publish","format-standard","has-post-thumbnail","","category-local-politica","category-cinta-de-noticias","category-presidence-de-la-republique-arabe-syria","category-slide","category-sr-presidente"],"_links":{"self":[{"href":"https:\/\/archive.sana.sy\/es\/index.php?rest_route=\/wp\/v2\/posts\/242708"}],"collection":[{"href":"https:\/\/archive.sana.sy\/es\/index.php?rest_route=\/wp\/v2\/posts"}],"about":[{"href":"https:\/\/archive.sana.sy\/es\/index.php?rest_route=\/wp\/v2\/types\/post"}],"author":[{"embeddable":true,"href":"https:\/\/archive.sana.sy\/es\/index.php?rest_route=\/wp\/v2\/users\/24"}],"replies":[{"embeddable":true,"href":"https:\/\/archive.sana.sy\/es\/index.php?rest_route=%2Fwp%2Fv2%2Fcomments&post=242708"}],"version-history":[{"count":0,"href":"https:\/\/archive.sana.sy\/es\/index.php?rest_route=\/wp\/v2\/posts\/242708\/revisions"}],"wp:featuredmedia":[{"embeddable":true,"href":"https:\/\/archive.sana.sy\/es\/index.php?rest_route=\/wp\/v2\/media\/242719"}],"wp:attachment":[{"href":"https:\/\/archive.sana.sy\/es\/index.php?rest_route=%2Fwp%2Fv2%2Fmedia&parent=242708"}],"wp:term":[{"taxonomy":"category","embeddable":true,"href":"https:\/\/archive.sana.sy\/es\/index.php?rest_route=%2Fwp%2Fv2%2Fcategories&post=242708"},{"taxonomy":"post_tag","embeddable":true,"href":"https:\/\/archive.sana.sy\/es\/index.php?rest_route=%2Fwp%2Fv2%2Ftags&post=242708"}],"curies":[{"name":"wp","href":"https:\/\/api.w.org\/{rel}","templated":true}]}}