{"id":242725,"date":"2022-07-10T13:02:10","date_gmt":"2022-07-10T10:02:10","guid":{"rendered":"http:\/\/107.6.182.27\/es\/?p=242725"},"modified":"2023-01-10T14:03:21","modified_gmt":"2023-01-10T12:03:21","slug":"ministro-de-transporte-inspecciona-el-trabajo-en-aeropuerto-internacional-de-damasco","status":"publish","type":"post","link":"https:\/\/archive.sana.sy\/es\/?p=242725","title":{"rendered":"Ministro de Transporte inspecciona el trabajo en el Aeropuerto Internacional de Damasco"},"content":{"rendered":"<p style=\"text-align: justify\"><span style=\"color: #800000\"><strong>Damasco, 10 jul (SANA)<\/strong> <\/span>El ministro de Transporte, Zuheir Khazim, inspeccion\u00f3 este domingo, el trabajo en el Aeropuerto Internacional de Damasco en el segundo d\u00eda de Eid al-Adha (fiesta de sacrificio).<\/p>\n<p style=\"text-align: justify\">El titular escuch\u00f3 a los pasajeros sus opiniones y sugerencias en funci\u00f3n de desarrollar los servicios. En este contexto, invit\u00f3 a todo el personal a redoblar esfuerzos para garantizar una \u00f3ptima prestaci\u00f3n de servicios en la instalaci\u00f3n y las aeronaves.<\/p>\n<p style=\"text-align: justify\">Cabe destacar que el Aeropuerto Internacional de Damasco recuper\u00f3 la operatividad el 23 del mes pasado despu\u00e9s de rehabilitarlo de los da\u00f1os que sufrieron su pista y equipos a consecuencia de la agresi\u00f3n israel\u00ed.<\/p>\n<p style=\"text-align: justify\">la<\/p>\n","protected":false},"excerpt":{"rendered":"<p>Damasco, 10 jul (SANA) El ministro de Transporte, Zuheir Khazim, inspeccion\u00f3 este domingo, el trabajo en el Aeropuerto Internacional de Damasco en el segundo d\u00eda de Eid al-Adha (fiesta de sacrificio). El titular escuch\u00f3 a los pasajeros sus opiniones y sugerencias en funci\u00f3n de desarrollar los servicios. En este contexto, invit\u00f3 a todo el personal &hellip;<\/p>\n","protected":false},"author":24,"featured_media":242726,"comment_status":"closed","ping_status":"closed","sticky":false,"template":"","format":"standard","meta":{"footnotes":""},"categories":[447,597,476,7541],"tags":[],"class_list":["post-242725","post","type-post","status-publish","format-standard","has-post-thumbnail","","category-local-politica","category-cinta-de-noticias","category-locales","category-ultimas-noticias"],"_links":{"self":[{"href":"https:\/\/archive.sana.sy\/es\/index.php?rest_route=\/wp\/v2\/posts\/242725"}],"collection":[{"href":"https:\/\/archive.sana.sy\/es\/index.php?rest_route=\/wp\/v2\/posts"}],"about":[{"href":"https:\/\/archive.sana.sy\/es\/index.php?rest_route=\/wp\/v2\/types\/post"}],"author":[{"embeddable":true,"href":"https:\/\/archive.sana.sy\/es\/index.php?rest_route=\/wp\/v2\/users\/24"}],"replies":[{"embeddable":true,"href":"https:\/\/archive.sana.sy\/es\/index.php?rest_route=%2Fwp%2Fv2%2Fcomments&post=242725"}],"version-history":[{"count":0,"href":"https:\/\/archive.sana.sy\/es\/index.php?rest_route=\/wp\/v2\/posts\/242725\/revisions"}],"wp:featuredmedia":[{"embeddable":true,"href":"https:\/\/archive.sana.sy\/es\/index.php?rest_route=\/wp\/v2\/media\/242726"}],"wp:attachment":[{"href":"https:\/\/archive.sana.sy\/es\/index.php?rest_route=%2Fwp%2Fv2%2Fmedia&parent=242725"}],"wp:term":[{"taxonomy":"category","embeddable":true,"href":"https:\/\/archive.sana.sy\/es\/index.php?rest_route=%2Fwp%2Fv2%2Fcategories&post=242725"},{"taxonomy":"post_tag","embeddable":true,"href":"https:\/\/archive.sana.sy\/es\/index.php?rest_route=%2Fwp%2Fv2%2Ftags&post=242725"}],"curies":[{"name":"wp","href":"https:\/\/api.w.org\/{rel}","templated":true}]}}