{"id":242736,"date":"2022-07-10T11:40:04","date_gmt":"2022-07-10T08:40:04","guid":{"rendered":"http:\/\/107.6.182.27\/es\/?p=242736"},"modified":"2023-01-10T15:56:21","modified_gmt":"2023-01-10T13:56:21","slug":"palestinos-asfixiados-por-agresion-israeli-en-hebron","status":"publish","type":"post","link":"https:\/\/archive.sana.sy\/es\/?p=242736","title":{"rendered":"Palestinos asfixiados por agresi\u00f3n israel\u00ed en Hebr\u00f3n"},"content":{"rendered":"<p style=\"text-align: justify;\"><span style=\"color: #800000;\"><strong>Jerusal\u00e9n ocupada, 10 jul (SANA)\u00a0 \u00a0<\/strong><\/span>Varios palestinos resultaron asfixiados por una agresi\u00f3n israel\u00ed en la ciudad de Hebr\u00f3n, en Cisjordania.<\/p>\n<p style=\"text-align: justify;\">La agencia palestina de noticias \u201cMaan\u201d inform\u00f3 que las fuerzas de la ocupaci\u00f3n israel\u00edes irrumpieron en el barrio Yaber al este de Hebr\u00f3n, donde dispararon gases lacrim\u00f3genos contra los residentes.<\/p>\n<p style=\"text-align: justify;\">\u201cComo resultado, varios civiles se asfixiaron\u201d, detall\u00f3.<\/p>\n<p style=\"text-align: justify;\">Las fuerzas del ocupante y los colonos israel\u00edes contin\u00faan sus ataques diarios contra los palestinos en los pueblos y ciudades de Cisjordania, con el objetivo de desplazarlos y apoderarse de sus tierras.<\/p>\n<p style=\"text-align: justify;\">rr\/fm<\/p>\n","protected":false},"excerpt":{"rendered":"<p>Jerusal\u00e9n ocupada, 10 jul (SANA)\u00a0 \u00a0Varios palestinos resultaron asfixiados por una agresi\u00f3n israel\u00ed en la ciudad de Hebr\u00f3n, en Cisjordania. La agencia palestina de noticias \u201cMaan\u201d inform\u00f3 que las fuerzas de la ocupaci\u00f3n israel\u00edes irrumpieron en el barrio Yaber al este de Hebr\u00f3n, donde dispararon gases lacrim\u00f3genos contra los residentes. \u201cComo resultado, varios civiles se &hellip;<\/p>\n","protected":false},"author":31,"featured_media":242737,"comment_status":"closed","ping_status":"closed","sticky":false,"template":"","format":"standard","meta":{"footnotes":""},"categories":[456,7541],"tags":[],"class_list":["post-242736","post","type-post","status-publish","format-standard","has-post-thumbnail","","category-arabe-internacional-politica","category-ultimas-noticias"],"_links":{"self":[{"href":"https:\/\/archive.sana.sy\/es\/index.php?rest_route=\/wp\/v2\/posts\/242736"}],"collection":[{"href":"https:\/\/archive.sana.sy\/es\/index.php?rest_route=\/wp\/v2\/posts"}],"about":[{"href":"https:\/\/archive.sana.sy\/es\/index.php?rest_route=\/wp\/v2\/types\/post"}],"author":[{"embeddable":true,"href":"https:\/\/archive.sana.sy\/es\/index.php?rest_route=\/wp\/v2\/users\/31"}],"replies":[{"embeddable":true,"href":"https:\/\/archive.sana.sy\/es\/index.php?rest_route=%2Fwp%2Fv2%2Fcomments&post=242736"}],"version-history":[{"count":0,"href":"https:\/\/archive.sana.sy\/es\/index.php?rest_route=\/wp\/v2\/posts\/242736\/revisions"}],"wp:featuredmedia":[{"embeddable":true,"href":"https:\/\/archive.sana.sy\/es\/index.php?rest_route=\/wp\/v2\/media\/242737"}],"wp:attachment":[{"href":"https:\/\/archive.sana.sy\/es\/index.php?rest_route=%2Fwp%2Fv2%2Fmedia&parent=242736"}],"wp:term":[{"taxonomy":"category","embeddable":true,"href":"https:\/\/archive.sana.sy\/es\/index.php?rest_route=%2Fwp%2Fv2%2Fcategories&post=242736"},{"taxonomy":"post_tag","embeddable":true,"href":"https:\/\/archive.sana.sy\/es\/index.php?rest_route=%2Fwp%2Fv2%2Ftags&post=242736"}],"curies":[{"name":"wp","href":"https:\/\/api.w.org\/{rel}","templated":true}]}}