{"id":242746,"date":"2022-07-10T17:30:55","date_gmt":"2022-07-10T14:30:55","guid":{"rendered":"http:\/\/107.6.182.27\/es\/?p=242746"},"modified":"2023-01-10T15:56:20","modified_gmt":"2023-01-10T13:56:20","slug":"iran-aumenta-enriquecimiento-de-uranio-hasta-el-20","status":"publish","type":"post","link":"https:\/\/archive.sana.sy\/es\/?p=242746","title":{"rendered":"Ir\u00e1n aumenta enriquecimiento de uranio hasta el 20%"},"content":{"rendered":"<p style=\"text-align: justify;\"><span style=\"color: #800000;\"><strong>Teher\u00e1n, 10 jul (SANA)\u00a0<\/strong><\/span> \u00a0El portavoz de la Organizaci\u00f3n de Energ\u00eda At\u00f3mica de Ir\u00e1n, Behrouz Kamalvandi, afirm\u00f3 que su pa\u00eds aument\u00f3 el enriquecimiento de uranio hasta una pureza del 20 % en su instalaci\u00f3n nuclear subterr\u00e1nea de Fordow, inform\u00f3 la cadena rusa RT.<\/p>\n<p style=\"text-align: justify;\">El vocero asegur\u00f3 que Teher\u00e1n hab\u00eda informado al Organismo Internacional de Energ\u00eda At\u00f3mica (OIEA) al menos hace dos semanas sobre sus planes de inyectar el gas de hexafluoruro de uranio (UF6) en un conjunto de las centrifugas IR-6 de la central de Fordow.<\/p>\n<p style=\"text-align: justify;\">&#8220;El movimiento de ayer de Ir\u00e1n para producir el 20 % del rendimiento con esta cascada fue el \u00faltimo paso t\u00e9cnico de una medida preanunciada&#8221;, afirm\u00f3 Kamalvandi.<\/p>\n<p style=\"text-align: justify;\">rr\/fm<\/p>\n","protected":false},"excerpt":{"rendered":"<p>Teher\u00e1n, 10 jul (SANA)\u00a0 \u00a0El portavoz de la Organizaci\u00f3n de Energ\u00eda At\u00f3mica de Ir\u00e1n, Behrouz Kamalvandi, afirm\u00f3 que su pa\u00eds aument\u00f3 el enriquecimiento de uranio hasta una pureza del 20 % en su instalaci\u00f3n nuclear subterr\u00e1nea de Fordow, inform\u00f3 la cadena rusa RT. El vocero asegur\u00f3 que Teher\u00e1n hab\u00eda informado al Organismo Internacional de Energ\u00eda &hellip;<\/p>\n","protected":false},"author":31,"featured_media":242747,"comment_status":"closed","ping_status":"closed","sticky":false,"template":"","format":"standard","meta":{"footnotes":""},"categories":[456],"tags":[],"class_list":["post-242746","post","type-post","status-publish","format-standard","has-post-thumbnail","","category-arabe-internacional-politica"],"_links":{"self":[{"href":"https:\/\/archive.sana.sy\/es\/index.php?rest_route=\/wp\/v2\/posts\/242746"}],"collection":[{"href":"https:\/\/archive.sana.sy\/es\/index.php?rest_route=\/wp\/v2\/posts"}],"about":[{"href":"https:\/\/archive.sana.sy\/es\/index.php?rest_route=\/wp\/v2\/types\/post"}],"author":[{"embeddable":true,"href":"https:\/\/archive.sana.sy\/es\/index.php?rest_route=\/wp\/v2\/users\/31"}],"replies":[{"embeddable":true,"href":"https:\/\/archive.sana.sy\/es\/index.php?rest_route=%2Fwp%2Fv2%2Fcomments&post=242746"}],"version-history":[{"count":0,"href":"https:\/\/archive.sana.sy\/es\/index.php?rest_route=\/wp\/v2\/posts\/242746\/revisions"}],"wp:featuredmedia":[{"embeddable":true,"href":"https:\/\/archive.sana.sy\/es\/index.php?rest_route=\/wp\/v2\/media\/242747"}],"wp:attachment":[{"href":"https:\/\/archive.sana.sy\/es\/index.php?rest_route=%2Fwp%2Fv2%2Fmedia&parent=242746"}],"wp:term":[{"taxonomy":"category","embeddable":true,"href":"https:\/\/archive.sana.sy\/es\/index.php?rest_route=%2Fwp%2Fv2%2Fcategories&post=242746"},{"taxonomy":"post_tag","embeddable":true,"href":"https:\/\/archive.sana.sy\/es\/index.php?rest_route=%2Fwp%2Fv2%2Ftags&post=242746"}],"curies":[{"name":"wp","href":"https:\/\/api.w.org\/{rel}","templated":true}]}}