{"id":24276,"date":"2015-05-31T17:57:21","date_gmt":"2015-05-31T14:57:21","guid":{"rendered":"http:\/\/sana.sy\/es\/?p=24276"},"modified":"2023-01-10T15:17:20","modified_gmt":"2023-01-10T13:17:20","slug":"participacion-internacional-y-arabe-en-el-i-festival-internacional-de-tartous-proximo-miercoles","status":"publish","type":"post","link":"https:\/\/archive.sana.sy\/es\/?p=24276","title":{"rendered":"Participaci\u00f3n internacional y \u00e1rabe en el I Festival Internacional de Tartous pr\u00f3ximo mi\u00e9rcoles"},"content":{"rendered":"<p>Damasco, SANA<\/p>\n<p>El pr\u00f3ximo mi\u00e9rcoles comenzar\u00e1 el I Festival Internacional de Tartous de Flores, Cultivos Protegidos y T\u00e9cnicas de Exportaci\u00f3n 2015 que organiza el Consejo Provincial de Tartous y la Federaci\u00f3n de Exportadores Sirios en el Parque Bassel y durar\u00e1 hasta el d\u00eda 10 de junio.<\/p>\n<p>En el festival participan pa\u00edses \u00e1rabes y extranjeros como L\u00edbano, Irak, Sud\u00e1n, Bahr\u00e9in, Egipto, Jordania, Emiratos, Ir\u00e1n, Rusia, Espa\u00f1a, Holanda, Alemania\u2026<\/p>\n<p>La provincial de Tartous produce unos 80% de flores en el pa\u00eds, el 70% de ellos va destinado a la exportaci\u00f3n seg\u00fan las cifras de la Uni\u00f3n \u00c1rabe de Planteles y Flores.<\/p>\n<p>Cabe destacar que el pabell\u00f3n de los Exportadores Sirios gan\u00f3 el primer lugar en el VI Festival Floral Internacional que concluy\u00f3 el d\u00eda 19 del pasado mes de abril en la capital iraqu\u00ed Bagdad.<\/p>\n<p>Riyad Sh.<\/p>\n","protected":false},"excerpt":{"rendered":"<p>Damasco, SANA El pr\u00f3ximo mi\u00e9rcoles comenzar\u00e1 el I Festival Internacional de Tartous de Flores, Cultivos Protegidos y T\u00e9cnicas de Exportaci\u00f3n 2015 que organiza el Consejo Provincial de Tartous y la Federaci\u00f3n de Exportadores Sirios en el Parque Bassel y durar\u00e1 hasta el d\u00eda 10 de junio. En el festival participan pa\u00edses \u00e1rabes y extranjeros como &hellip;<\/p>\n","protected":false},"author":1,"featured_media":24277,"comment_status":"closed","ping_status":"closed","sticky":false,"template":"","format":"standard","meta":{"footnotes":""},"categories":[485,476],"tags":[],"class_list":["post-24276","post","type-post","status-publish","format-standard","has-post-thumbnail","","category-informes-negocios-y-finanzas","category-locales"],"_links":{"self":[{"href":"https:\/\/archive.sana.sy\/es\/index.php?rest_route=\/wp\/v2\/posts\/24276"}],"collection":[{"href":"https:\/\/archive.sana.sy\/es\/index.php?rest_route=\/wp\/v2\/posts"}],"about":[{"href":"https:\/\/archive.sana.sy\/es\/index.php?rest_route=\/wp\/v2\/types\/post"}],"author":[{"embeddable":true,"href":"https:\/\/archive.sana.sy\/es\/index.php?rest_route=\/wp\/v2\/users\/1"}],"replies":[{"embeddable":true,"href":"https:\/\/archive.sana.sy\/es\/index.php?rest_route=%2Fwp%2Fv2%2Fcomments&post=24276"}],"version-history":[{"count":0,"href":"https:\/\/archive.sana.sy\/es\/index.php?rest_route=\/wp\/v2\/posts\/24276\/revisions"}],"wp:featuredmedia":[{"embeddable":true,"href":"https:\/\/archive.sana.sy\/es\/index.php?rest_route=\/wp\/v2\/media\/24277"}],"wp:attachment":[{"href":"https:\/\/archive.sana.sy\/es\/index.php?rest_route=%2Fwp%2Fv2%2Fmedia&parent=24276"}],"wp:term":[{"taxonomy":"category","embeddable":true,"href":"https:\/\/archive.sana.sy\/es\/index.php?rest_route=%2Fwp%2Fv2%2Fcategories&post=24276"},{"taxonomy":"post_tag","embeddable":true,"href":"https:\/\/archive.sana.sy\/es\/index.php?rest_route=%2Fwp%2Fv2%2Ftags&post=24276"}],"curies":[{"name":"wp","href":"https:\/\/api.w.org\/{rel}","templated":true}]}}