{"id":24287,"date":"2015-05-31T19:20:49","date_gmt":"2015-05-31T16:20:49","guid":{"rendered":"http:\/\/sana.sy\/es\/?p=24287"},"modified":"2015-05-31T19:20:49","modified_gmt":"2015-05-31T16:20:49","slug":"iran-las-organizaciones-terroristas-y-sus-patrocinadores-intentan-quebrantar-al-eje-de-la-resistencia","status":"publish","type":"post","link":"https:\/\/archive.sana.sy\/es\/?p=24287","title":{"rendered":"Ir\u00e1n: Las organizaciones terroristas y sus patrocinadores intentan quebrantar al eje de la resistencia"},"content":{"rendered":"<p>Teher\u00e1n-SANA<\/p>\n<p>El secretario del Consejo Supremo de Seguridad Nacional de Ir\u00e1n, Ali Shamjani, afirm\u00f3 que el extremismo y el terrorismo que se propagaron en la regi\u00f3n, tienen un car\u00e1cter arrogante, Oscurantista y sionista<\/p>\n<p>Shamjani dijo que las organizaciones terroristas y sus patrocinadores intentan quebrantar al eje de la resistencia en beneficio del ente sionista y los planes externos.<\/p>\n<p>El titular iran\u00ed, subray\u00f3 que desgastar los recursos de la naci\u00f3n isl\u00e1mica se produce con el fin de garantizar la seguridad del ente sionista, pregunt\u00e1ndose de la factibilidad de la formaci\u00f3n de alianzas contra pa\u00edses \u00e1rabes como lo es el caso de Yemen en tiempo que no se forman ej\u00e9rcitos para combatir a quienes act\u00faan en contra de los intereses de la naci\u00f3n isl\u00e1mica.<\/p>\n<p>Yamil K.<\/p>\n","protected":false},"excerpt":{"rendered":"<p>Teher\u00e1n-SANA El secretario del Consejo Supremo de Seguridad Nacional de Ir\u00e1n, Ali Shamjani, afirm\u00f3 que el extremismo y el terrorismo que se propagaron en la regi\u00f3n, tienen un car\u00e1cter arrogante, Oscurantista y sionista Shamjani dijo que las organizaciones terroristas y sus patrocinadores intentan quebrantar al eje de la resistencia en beneficio del ente sionista y &hellip;<\/p>\n","protected":false},"author":1,"featured_media":24288,"comment_status":"closed","ping_status":"closed","sticky":false,"template":"","format":"standard","meta":{"footnotes":""},"categories":[456,457,576],"tags":[],"class_list":["post-24287","post","type-post","status-publish","format-standard","has-post-thumbnail","","category-arabe-internacional-politica","category-noticias-arabe-internacional-politica","category-noticias-politicas"],"_links":{"self":[{"href":"https:\/\/archive.sana.sy\/es\/index.php?rest_route=\/wp\/v2\/posts\/24287"}],"collection":[{"href":"https:\/\/archive.sana.sy\/es\/index.php?rest_route=\/wp\/v2\/posts"}],"about":[{"href":"https:\/\/archive.sana.sy\/es\/index.php?rest_route=\/wp\/v2\/types\/post"}],"author":[{"embeddable":true,"href":"https:\/\/archive.sana.sy\/es\/index.php?rest_route=\/wp\/v2\/users\/1"}],"replies":[{"embeddable":true,"href":"https:\/\/archive.sana.sy\/es\/index.php?rest_route=%2Fwp%2Fv2%2Fcomments&post=24287"}],"version-history":[{"count":0,"href":"https:\/\/archive.sana.sy\/es\/index.php?rest_route=\/wp\/v2\/posts\/24287\/revisions"}],"wp:featuredmedia":[{"embeddable":true,"href":"https:\/\/archive.sana.sy\/es\/index.php?rest_route=\/wp\/v2\/media\/24288"}],"wp:attachment":[{"href":"https:\/\/archive.sana.sy\/es\/index.php?rest_route=%2Fwp%2Fv2%2Fmedia&parent=24287"}],"wp:term":[{"taxonomy":"category","embeddable":true,"href":"https:\/\/archive.sana.sy\/es\/index.php?rest_route=%2Fwp%2Fv2%2Fcategories&post=24287"},{"taxonomy":"post_tag","embeddable":true,"href":"https:\/\/archive.sana.sy\/es\/index.php?rest_route=%2Fwp%2Fv2%2Ftags&post=24287"}],"curies":[{"name":"wp","href":"https:\/\/api.w.org\/{rel}","templated":true}]}}