{"id":24291,"date":"2015-05-31T20:42:14","date_gmt":"2015-05-31T17:42:14","guid":{"rendered":"http:\/\/sana.sy\/es\/?p=24291"},"modified":"2015-05-31T20:42:14","modified_gmt":"2015-05-31T17:42:14","slug":"al-zoubi-el-regimen-saudi-debe-buscar-la-forma-de-ocultar-sus-crimenes-en-lugar-de-fingir-que-se-preocupa-por-la-sangre-de-los-arabes","status":"publish","type":"post","link":"https:\/\/archive.sana.sy\/es\/?p=24291","title":{"rendered":"Al-Zoubi: El r\u00e9gimen saud\u00ed debe buscar la forma de ocultar sus cr\u00edmenes en lugar de fingir que se preocupa por la sangre de los \u00e1rabes"},"content":{"rendered":"<p>Damasco-SANA<\/p>\n<p>El ministro de Informaci\u00f3n Omran al-Zoubi respondi\u00f3 el domingo a las declaraciones concedidas por el Ministro de Exteriores del r\u00e9gimen saud\u00ed.<\/p>\n<p>El titular de informaci\u00f3n dijo que aquellos que no tienen legitimidad popular o constitucional como el r\u00e9gimen saud\u00ed no tienen derecho de hablar acerca de la legitimidad ni de la forma en que se obtenga o se prive, agregando que quienes libran una guerra contra un pa\u00eds \u00e1rabe y matan a mujeres y ni\u00f1os y destruyen la infraestructura de este pa\u00eds no tienen legitimidad pol\u00edtica ni religiosa, incluso moral.<\/p>\n<p>Al-Zoubi dijo que quien representaba las relaciones de su r\u00e9gimen con las organizaciones israel\u00edes en Washington, y que ahora asumi\u00f3 el cargo de ministro de exteriores, no representa la opini\u00f3n y la voluntad pol\u00edtica del pueblo de Arabia Saudita.<\/p>\n<p>A\u00f1adi\u00f3 que el r\u00e9gimen saud\u00ed debe buscar la forma de ocultar sus cr\u00edmenes en Siria, Irak, Yemen y Libia, en lugar de fingir que se preocupa por la sangre de los \u00e1rabes y musulmanes que el mismo derrocha.<\/p>\n<p>Yamil K.<\/p>\n","protected":false},"excerpt":{"rendered":"<p>Damasco-SANA El ministro de Informaci\u00f3n Omran al-Zoubi respondi\u00f3 el domingo a las declaraciones concedidas por el Ministro de Exteriores del r\u00e9gimen saud\u00ed. El titular de informaci\u00f3n dijo que aquellos que no tienen legitimidad popular o constitucional como el r\u00e9gimen saud\u00ed no tienen derecho de hablar acerca de la legitimidad ni de la forma en que &hellip;<\/p>\n","protected":false},"author":1,"featured_media":24292,"comment_status":"closed","ping_status":"closed","sticky":false,"template":"","format":"standard","meta":{"footnotes":""},"categories":[477,476],"tags":[],"class_list":["post-24291","post","type-post","status-publish","format-standard","has-post-thumbnail","","category-noticias-edulcorantes","category-locales"],"_links":{"self":[{"href":"https:\/\/archive.sana.sy\/es\/index.php?rest_route=\/wp\/v2\/posts\/24291"}],"collection":[{"href":"https:\/\/archive.sana.sy\/es\/index.php?rest_route=\/wp\/v2\/posts"}],"about":[{"href":"https:\/\/archive.sana.sy\/es\/index.php?rest_route=\/wp\/v2\/types\/post"}],"author":[{"embeddable":true,"href":"https:\/\/archive.sana.sy\/es\/index.php?rest_route=\/wp\/v2\/users\/1"}],"replies":[{"embeddable":true,"href":"https:\/\/archive.sana.sy\/es\/index.php?rest_route=%2Fwp%2Fv2%2Fcomments&post=24291"}],"version-history":[{"count":0,"href":"https:\/\/archive.sana.sy\/es\/index.php?rest_route=\/wp\/v2\/posts\/24291\/revisions"}],"wp:featuredmedia":[{"embeddable":true,"href":"https:\/\/archive.sana.sy\/es\/index.php?rest_route=\/wp\/v2\/media\/24292"}],"wp:attachment":[{"href":"https:\/\/archive.sana.sy\/es\/index.php?rest_route=%2Fwp%2Fv2%2Fmedia&parent=24291"}],"wp:term":[{"taxonomy":"category","embeddable":true,"href":"https:\/\/archive.sana.sy\/es\/index.php?rest_route=%2Fwp%2Fv2%2Fcategories&post=24291"},{"taxonomy":"post_tag","embeddable":true,"href":"https:\/\/archive.sana.sy\/es\/index.php?rest_route=%2Fwp%2Fv2%2Ftags&post=24291"}],"curies":[{"name":"wp","href":"https:\/\/api.w.org\/{rel}","templated":true}]}}